{"id":79579,"date":"2020-03-19T16:46:15","date_gmt":"2020-03-19T20:46:15","guid":{"rendered":"https:\/\/linitiative.ca\/International\/force-africaine-de-3-000-hommes-au-sahel\/"},"modified":"2020-03-19T16:46:15","modified_gmt":"2020-03-19T20:46:15","slug":"force-africaine-de-3-000-hommes-au-sahel","status":"publish","type":"post","link":"https:\/\/linitiative.ca\/International\/force-africaine-de-3-000-hommes-au-sahel\/","title":{"rendered":"FORCE AFRICAINE DE 3\u00a0000 HOMMES AU SAHEL"},"content":{"rendered":"<div class=\"stream-item stream-item-above-post-content\">\n<p><noscript><\/p>\n<p><a href=\"\/\/www3.smartadserver.com\/ac?jump=1&amp;nwid=2136&amp;siteid=240610&amp;pgname=rg&amp;fmtid=49046&amp;visit=m&amp;tmstp=[timestamp]&amp;out=nonrich\" target=\"_blank\" rel=\"noopener noreferrer\"><img decoding=\"async\" src=\"http:\/\/www3.smartadserver.com\/ac?out=nonrich&amp;nwid=2136&amp;siteid=240610&amp;pgname=rg&amp;fmtid=49046&amp;visit=m&amp;tmstp=[timestamp]\" border=\"0\" alt=\"\"\/><\/a><\/p>\n<p><\/noscript><\/div>\n<p class=\"c3\"><em>L\u2019information a \u00e9t\u00e9 \u00e9clips\u00e9e, quasiment d\u00e9cim\u00e9e par l\u2019ouragan m\u00e9diatique engendr\u00e9 par le Covid-19 qui a mis sous l\u2019\u00e9teignoir, le plus grand mal dont souffre en ce moment les pays du Sahel, c\u2019est-\u00e0-dire le terrorisme. Or, Dieu seul sait si l\u2019information pourrait constituer une avanc\u00e9e majeure dans la lutte contre la vermine dans la sous-r\u00e9gion. La bonne nouvelle est que l\u2019Union africaine (UA) va d\u00e9ployer des troupes suppl\u00e9mentaires de 3 000 militaires pour appuyer les efforts des pays du G5 Sahel. Un comit\u00e9 tripartite pour discuter des modalit\u00e9s techniques du d\u00e9ploiement rapide de cette force, sera mis en place \u00e0 cet effet. C\u2019est du moins ce qui ressort de la r\u00e9union conjointe UA-CEDEAO-G5 Sahel sur \u00ab le d\u00e9ploiement des forces africaines de 3000 militaires au Sahel \u00bb, tenue le 16 mars dernier \u00e0 Niamey au Niger. Le moins que l\u2019on puisse dire, c\u2019est que cette d\u00e9cision est une marque de solidarit\u00e9 de l\u2019instance panafricaine \u00e0 l\u2019\u00e9gard du continent, et particuli\u00e8rement \u00e0 l\u2019endroit des peuples et de leurs gouvernants du Sahel \u00e9prouv\u00e9s par le terrorisme.\u00a0<\/em> <em>Jusque-l\u00e0, bien que tout aussi frapp\u00e9 par le mal, seul le Tchad avait fait preuve de solidarit\u00e9 agissante en engageant ses troupes au Mali, comme il envisage aussi de le faire bient\u00f4t dans la fameuse zone des trois fronti\u00e8res. Autant dire que des renforts venus d\u2019autres nations africaines, \u00e0 l\u2019initiative de l\u2019UA, ne peuvent \u00eatre que salutaires. Mais quid de l\u2019\u00e9pineuse \u00e9quation de la mobilisation des ressources n\u00e9cessaires \u00e0 la mise en place rapide de cette force ? C\u2019est bien \u00e0 ce niveau que \u00e7a pourrait coincer ; toute chose qui, du reste, a valu \u00e0 la rencontre de Niamey, d\u2019insister sur ce point hautement crucial. C\u2019est de bonne guerre. Car, une chose est de convoquer des r\u00e9unions assorties de belles r\u00e9solutions, une autre est de disposer des moyens de ses ambitions. Vite donc ces ressources !<\/em><\/p>\n<p class=\"c3\"><strong><em>La r\u00e9union conjointe UA-CEDEAO-G5 Sahel appara\u00eet comme une pr\u00e9cieuse piq\u00fbre de rappel<\/em><\/strong><\/p>\n<p class=\"c3\"><em>D\u2019autant que le temps presse, face aux ing\u00e9nieurs du mal aussi fous que d\u00e9termin\u00e9s. Et il serait illusoire de croire que la pand\u00e9mie du coronavirus contribuera \u00e0 refroidir leurs ardeurs mal\u00e9fiques. D\u2019ailleurs, se sentent-ils concern\u00e9s par la menace que repr\u00e9sente le Covid-19\u00a0? Rien n\u2019est moins s\u00fbr.<\/em><br \/><em>En tous les cas, l\u2019Europe devenue l\u2019\u00e9picentre de la maladie, apr\u00e8s la Chine, subit un traumatisme tel que l\u2019actualit\u00e9 a quasiment braqu\u00e9 tous ses projecteurs sur la pathologie et ses d\u00e9g\u00e2ts. Et l\u2019Afrique se voit, quelque part malgr\u00e9 elle, tout aussi prise dans ce grand tourbillon m\u00e9diatique. D\u00e9sormais, le Covid-19 est sur toutes les l\u00e8vres, m\u00eame si cela n\u2019est pas mauvais en soi ; toute chose qui aide \u00e0 une r\u00e9elle prise de conscience des populations africaines, sur la s\u00e9rieuse menace que constitue, \u00e0 ce jour, la maladie.\u00a0<\/em> <em>Mais si le temps semble s\u2019\u00eatre arr\u00eat\u00e9 en Occident du fait de l\u2019ampleur de la contagion, on ne saurait en dire de m\u00eame pour ce qui concerne l\u2019Afrique et en particulier, les pays du G5 Sahel. Non, on n\u2019en est pas encore \u00e0 cette \u00e9tape. On croise les doigts pour ne pas y arriver. Pour l\u2019heure, les pays du G5 Sahel se trouvent toujours aux prises avec les d\u00e9mons de l\u2019instabilit\u00e9. C\u2019est dire si, tout en maintenant la vigilance pour contenir la maladie de Covid-19, l\u2019Afrique en g\u00e9n\u00e9ral et les pays du G5 Sahel en particulier, ne doivent pas perdre de vue la lutte engag\u00e9e contre le terrorisme pour laquelle il faudra continuer \u00e0 mobiliser les efforts. Et la r\u00e9union conjointe UA-CEDEAO-G5 Sahel appara\u00eet \u00e0 cet effet comme une pr\u00e9cieuse piq\u00fbre de rappel.<\/em><\/p>\n<p class=\"c3\"><strong><em>\u00ab\u00a0Le Pays\u00a0\u00bb<\/em><\/strong><\/p>\n<p>Auteur: Le Pays<br \/>\n<a href=\"http:\/\/lepays.bf\/force-africaine-de-3-000-hommes-au-sahel-2\/\">Cliquez ici pour lire l&rsquo;article depuis sa source.<\/a><\/p>\n","protected":false},"excerpt":{"rendered":"<p>L\u2019information a \u00e9t\u00e9 \u00e9clips\u00e9e, quasiment d\u00e9cim\u00e9e par l\u2019ouragan m\u00e9diatique engendr\u00e9 par le Covid-19 qui a mis sous l\u2019\u00e9teignoir, le plus grand mal dont souffre en ce moment les pays du Sahel, c\u2019est-\u00e0-dire le terrorisme. Or, Dieu seul sait si l\u2019information pourrait constituer une avanc\u00e9e majeure dans la lutte contre la vermine dans la sous-r\u00e9gion. La [&hellip;]<\/p>\n","protected":false},"author":1813,"featured_media":0,"comment_status":"closed","ping_status":"closed","sticky":false,"template":"","format":"standard","meta":{"fifu_image_url":"","fifu_image_alt":"","footnotes":""},"categories":[73,81],"tags":[],"class_list":["post-79579","post","type-post","status-publish","format-standard","hentry","category-actualite","category-burkina-faso"],"_links":{"self":[{"href":"https:\/\/linitiative.ca\/International\/wp-json\/wp\/v2\/posts\/79579","targetHints":{"allow":["GET"]}}],"collection":[{"href":"https:\/\/linitiative.ca\/International\/wp-json\/wp\/v2\/posts"}],"about":[{"href":"https:\/\/linitiative.ca\/International\/wp-json\/wp\/v2\/types\/post"}],"author":[{"embeddable":true,"href":"https:\/\/linitiative.ca\/International\/wp-json\/wp\/v2\/users\/1813"}],"replies":[{"embeddable":true,"href":"https:\/\/linitiative.ca\/International\/wp-json\/wp\/v2\/comments?post=79579"}],"version-history":[{"count":0,"href":"https:\/\/linitiative.ca\/International\/wp-json\/wp\/v2\/posts\/79579\/revisions"}],"wp:attachment":[{"href":"https:\/\/linitiative.ca\/International\/wp-json\/wp\/v2\/media?parent=79579"}],"wp:term":[{"taxonomy":"category","embeddable":true,"href":"https:\/\/linitiative.ca\/International\/wp-json\/wp\/v2\/categories?post=79579"},{"taxonomy":"post_tag","embeddable":true,"href":"https:\/\/linitiative.ca\/International\/wp-json\/wp\/v2\/tags?post=79579"}],"curies":[{"name":"wp","href":"https:\/\/api.w.org\/{rel}","templated":true}]}}