{"id":79583,"date":"2020-03-19T14:18:06","date_gmt":"2020-03-19T18:18:06","guid":{"rendered":"https:\/\/linitiative.ca\/International\/maroc-covid-19-trois-nouveaux-cas-infectes\/"},"modified":"2020-03-19T14:18:06","modified_gmt":"2020-03-19T18:18:06","slug":"maroc-covid-19-trois-nouveaux-cas-infectes","status":"publish","type":"post","link":"https:\/\/linitiative.ca\/International\/maroc-covid-19-trois-nouveaux-cas-infectes\/","title":{"rendered":"Maroc\/Covid-19 : Trois nouveaux cas infect\u00e9s"},"content":{"rendered":"<div readability=\"32\">\n<p>Publi\u00e9 le 19.03.2020 \u00e0 19h18 par APA News<\/p>\n<\/div>\n<div readability=\"52\">\n<p>Le minist\u00e8re marocain de la sant\u00e9 vient d\u2019annoncer, ce jeudi, trois nouveaux d\u2019infection positifs au Covid-19, ce qui porte le nombre total des personnes contamin\u00e9es \u00e0 61 cas.Plus t\u00f4t dans la journ\u00e9e, le minist\u00e8re avait annonc\u00e9 quatre nouveaux cas d\u2019infection au coronavirus. Toutefois, le m\u00eame d\u00e9partement a annonc\u00e9 qu\u2019un deuxi\u00e8me patient atteint du coronavirus Covid-19 est gu\u00e9ri.<\/p>\n<p>Pour juguler la propagation de ce virus, le gouvernement a pris une batterie de mesures drastiques pour endiguer la propagation du Covid-19 notamment la fermeture de l\u2019espace a\u00e9rien et maritime marocain devant les voyageurs, l\u2019annulation des rassemblements et des manifestations sportives, culturelles et artistiques, la cr\u00e9ation d\u2019un Fonds sp\u00e9cial pour la gestion de la pand\u00e9mie, la suspension des cours dans les \u00e9coles et les universit\u00e9s, la fermeture provisoire des mosqu\u00e9es, la suspension des audiences dans les diff\u00e9rents tribunaux du Royaume.<\/p>\n<\/div>\n<p>Auteur: APA News<br \/>\n<a href=\"https:\/\/www.journalducameroun.com\/maroc-covid-19-trois-nouveaux-cas-infectes\/\">Cliquez ici pour lire l&rsquo;article depuis sa source.<\/a><\/p>\n","protected":false},"excerpt":{"rendered":"<p>Publi\u00e9 le 19.03.2020 \u00e0 19h18 par APA News Le minist\u00e8re marocain de la sant\u00e9 vient d\u2019annoncer, ce jeudi, trois nouveaux d\u2019infection positifs au Covid-19, ce qui porte le nombre total des personnes contamin\u00e9es \u00e0 61 cas.Plus t\u00f4t dans la journ\u00e9e, le minist\u00e8re avait annonc\u00e9 quatre nouveaux cas d\u2019infection au coronavirus. Toutefois, le m\u00eame d\u00e9partement a [&hellip;]<\/p>\n","protected":false},"author":1965,"featured_media":0,"comment_status":"closed","ping_status":"closed","sticky":false,"template":"","format":"standard","meta":{"fifu_image_url":"","fifu_image_alt":"","footnotes":""},"categories":[73,82],"tags":[],"class_list":["post-79583","post","type-post","status-publish","format-standard","hentry","category-actualite","category-cameroun"],"_links":{"self":[{"href":"https:\/\/linitiative.ca\/International\/wp-json\/wp\/v2\/posts\/79583","targetHints":{"allow":["GET"]}}],"collection":[{"href":"https:\/\/linitiative.ca\/International\/wp-json\/wp\/v2\/posts"}],"about":[{"href":"https:\/\/linitiative.ca\/International\/wp-json\/wp\/v2\/types\/post"}],"author":[{"embeddable":true,"href":"https:\/\/linitiative.ca\/International\/wp-json\/wp\/v2\/users\/1965"}],"replies":[{"embeddable":true,"href":"https:\/\/linitiative.ca\/International\/wp-json\/wp\/v2\/comments?post=79583"}],"version-history":[{"count":0,"href":"https:\/\/linitiative.ca\/International\/wp-json\/wp\/v2\/posts\/79583\/revisions"}],"wp:attachment":[{"href":"https:\/\/linitiative.ca\/International\/wp-json\/wp\/v2\/media?parent=79583"}],"wp:term":[{"taxonomy":"category","embeddable":true,"href":"https:\/\/linitiative.ca\/International\/wp-json\/wp\/v2\/categories?post=79583"},{"taxonomy":"post_tag","embeddable":true,"href":"https:\/\/linitiative.ca\/International\/wp-json\/wp\/v2\/tags?post=79583"}],"curies":[{"name":"wp","href":"https:\/\/api.w.org\/{rel}","templated":true}]}}