{"id":79584,"date":"2020-03-19T14:18:08","date_gmt":"2020-03-19T18:18:08","guid":{"rendered":"https:\/\/linitiative.ca\/International\/laf-sud-se-joint-aux-essais-de-vaccins-contre-le-coronavirus\/"},"modified":"2020-03-19T14:18:08","modified_gmt":"2020-03-19T18:18:08","slug":"laf-sud-se-joint-aux-essais-de-vaccins-contre-le-coronavirus","status":"publish","type":"post","link":"https:\/\/linitiative.ca\/International\/laf-sud-se-joint-aux-essais-de-vaccins-contre-le-coronavirus\/","title":{"rendered":"L\u2019Af\/Sud se joint aux essais de vaccins contre le coronavirus"},"content":{"rendered":"<div readability=\"32\">\n<p>Publi\u00e9 le 19.03.2020 \u00e0 19h18 par APA News<\/p>\n<\/div>\n<div readability=\"69\">\n<p>L\u2019Afrique du Sud touch\u00e9e par le coronavirus s\u2019est engag\u00e9e \u00e0 participer \u00e0 une s\u00e9rie d\u2019essais de vaccins pour tester diff\u00e9rentes m\u00e9thodes et traitements pour le coronavirus, a indiqu\u00e9 jeudi, l\u2019Organisation mondiale de la sant\u00e9 (OMS).Alors que les premiers essais dirig\u00e9s par les Etats-Unis commencent, le Directeur g\u00e9n\u00e9ral de l\u2019OMS, Tedros Adhanom Ghebreyesus, a d\u00e9clar\u00e9 que les essais multinationaux \u00e9taient con\u00e7us pour g\u00e9n\u00e9rer les donn\u00e9es n\u00e9cessaires pour montrer les vaccins les plus efficaces pour le Covid-19, la maladie caus\u00e9e par le coronavirus.<\/p>\n<p>Alors que le d\u00e9veloppement d\u2019un vaccin pourrait prendre plusieurs mois, Ghebreyesus a d\u00e9clar\u00e9 que d\u2019autres types de traitement pourraient \u00eatre d\u00e9velopp\u00e9s beaucoup plus rapidement.<\/p>\n<p>Outre l\u2019Afrique du Sud, les autres pays qui ont confirm\u00e9 leur adh\u00e9sion aux essais de solidarit\u00e9 sont l\u2019Argentine, Bahre\u00efn, le Canada, la France, l\u2019Iran, la Norv\u00e8ge, l\u2019Espagne, la Suisse et la Tha\u00eflande, a d\u00e9clar\u00e9 le patron de l\u2019OMS.<\/p>\n<p>Il a indiqu\u00e9 qu\u2019il \u00e9tait \u00ab certain (que) plus de pays se joindraient \u00e0 l\u2019initiative\u00bb dans cette \u0153uvre consid\u00e9r\u00e9 comme \u00ab des essais de solidarit\u00e9 \u00bb.<\/p>\n<p>L\u2019OMS\u00a0organise l\u2019\u00e9tude dans laquelle certains des traitements non test\u00e9s sont compar\u00e9s les uns aux autres lors des essais de solidarit\u00e9, a-t-il d\u00e9clar\u00e9.<\/p>\n<p>Bien qu\u2019il n\u2019y ait eu aucun d\u00e9c\u00e8s dans le pays, l\u2019Afrique du Sud compte 16 cas confirm\u00e9s de coronavirus \u2013 le nombre le plus \u00e9lev\u00e9 d\u2019Afrique australe.<\/p>\n<\/div>\n<p>Auteur: APA News<br \/>\n<a href=\"https:\/\/www.journalducameroun.com\/laf-sud-se-joint-aux-essais-de-vaccins-contre-le-coronavirus\/\">Cliquez ici pour lire l&rsquo;article depuis sa source.<\/a><\/p>\n","protected":false},"excerpt":{"rendered":"<p>Publi\u00e9 le 19.03.2020 \u00e0 19h18 par APA News L\u2019Afrique du Sud touch\u00e9e par le coronavirus s\u2019est engag\u00e9e \u00e0 participer \u00e0 une s\u00e9rie d\u2019essais de vaccins pour tester diff\u00e9rentes m\u00e9thodes et traitements pour le coronavirus, a indiqu\u00e9 jeudi, l\u2019Organisation mondiale de la sant\u00e9 (OMS).Alors que les premiers essais dirig\u00e9s par les Etats-Unis commencent, le Directeur g\u00e9n\u00e9ral [&hellip;]<\/p>\n","protected":false},"author":1965,"featured_media":0,"comment_status":"closed","ping_status":"closed","sticky":false,"template":"","format":"standard","meta":{"fifu_image_url":"","fifu_image_alt":"","footnotes":""},"categories":[73,82],"tags":[],"class_list":["post-79584","post","type-post","status-publish","format-standard","hentry","category-actualite","category-cameroun"],"_links":{"self":[{"href":"https:\/\/linitiative.ca\/International\/wp-json\/wp\/v2\/posts\/79584","targetHints":{"allow":["GET"]}}],"collection":[{"href":"https:\/\/linitiative.ca\/International\/wp-json\/wp\/v2\/posts"}],"about":[{"href":"https:\/\/linitiative.ca\/International\/wp-json\/wp\/v2\/types\/post"}],"author":[{"embeddable":true,"href":"https:\/\/linitiative.ca\/International\/wp-json\/wp\/v2\/users\/1965"}],"replies":[{"embeddable":true,"href":"https:\/\/linitiative.ca\/International\/wp-json\/wp\/v2\/comments?post=79584"}],"version-history":[{"count":0,"href":"https:\/\/linitiative.ca\/International\/wp-json\/wp\/v2\/posts\/79584\/revisions"}],"wp:attachment":[{"href":"https:\/\/linitiative.ca\/International\/wp-json\/wp\/v2\/media?parent=79584"}],"wp:term":[{"taxonomy":"category","embeddable":true,"href":"https:\/\/linitiative.ca\/International\/wp-json\/wp\/v2\/categories?post=79584"},{"taxonomy":"post_tag","embeddable":true,"href":"https:\/\/linitiative.ca\/International\/wp-json\/wp\/v2\/tags?post=79584"}],"curies":[{"name":"wp","href":"https:\/\/api.w.org\/{rel}","templated":true}]}}