{"id":79585,"date":"2020-03-19T15:18:03","date_gmt":"2020-03-19T19:18:03","guid":{"rendered":"https:\/\/linitiative.ca\/International\/les-medias-ivoiriens-appeles-a-ne-pas-diffuser-les-informations-non-certifiees-sur-le-coronavirus\/"},"modified":"2020-03-19T15:18:03","modified_gmt":"2020-03-19T19:18:03","slug":"les-medias-ivoiriens-appeles-a-ne-pas-diffuser-les-informations-non-certifiees-sur-le-coronavirus","status":"publish","type":"post","link":"https:\/\/linitiative.ca\/International\/les-medias-ivoiriens-appeles-a-ne-pas-diffuser-les-informations-non-certifiees-sur-le-coronavirus\/","title":{"rendered":"Les m\u00e9dias ivoiriens appel\u00e9s \u00e0 ne pas diffuser les informations \u00abnon certifi\u00e9es\u00bb sur le coronavirus"},"content":{"rendered":"<div readability=\"32\">\n<p>Publi\u00e9 le 19.03.2020 \u00e0 20h18 par APA News<\/p>\n<\/div>\n<div readability=\"54\">\n<p>L\u2019Autorit\u00e9 nationale de la presse (ANP), l\u2019organe de r\u00e9gulation des m\u00e9dias en C\u00f4te d\u2019Ivoire, a enjoint jeudi la presse ivoirienne \u00e0 mettre un terme \u00e0 la diffusion des informations \u00ab non certifi\u00e9es\u00bb sur la maladie \u00e0 coronavirus dont neuf cas ont \u00e9t\u00e9 officiellement confirm\u00e9s dans le pays.Le pr\u00e9sident de l\u2019ANP a regrett\u00e9 que des informations relatives au traitement de la maladie \u00e0 coronavirus circulant sur les r\u00e9seaux sociaux sont reprises dans certains journaux alors que \u00ab ces suppos\u00e9s prophylaxies n\u2019ont jamais \u00e9t\u00e9 attest\u00e9es par la communaut\u00e9 scientifique m\u00e9dicale \u00bb.<\/p>\n<p>\u00ab (\u2026) L\u2019ANP en appelle donc \u00a0au sens de la responsabilit\u00e9 sociale des r\u00e9dactions face \u00e0 cette maladie contagieuse et mortelle et les enjoint \u00e0 mettre un terme \u00e0 la diffusion de ces informations non certifi\u00e9es qui en rajoutent \u00e0 la psychose g\u00e9n\u00e9ralis\u00e9e perceptible chez les populations \u00bb, a indiqu\u00e9 Samba Kon\u00e9, le pr\u00e9sident de cette institution dans un communiqu\u00e9 transmis \u00e0 APA.\u00a0<\/p>\n<p>Selon M. Kon\u00e9, le seules mesures de pr\u00e9vention et de traitement connues \u00e0 ce jour et dignes d\u2019\u00eatre port\u00e9es \u00e0 la connaissance du public sont celles indiqu\u00e9es par l\u2019Organisation mondiale de la sant\u00e9 et le minist\u00e8re de la sant\u00e9 et d\u2019hygi\u00e8ne publique.<\/p>\n<p>Lundi dernier, le gouvernement ivoirien a pris 13 mesures visant \u00e0 lutter contre la propagation de cette maladie dans le pays qui enregistre neuf cas confirm\u00e9s. Le bilan mondial de la maladie \u00e0 coronavirus \u00e0 ce jour fait \u00e9tat de plus de 9000 morts et pr\u00e8s de 220 000 cas d\u2019infection.<\/p>\n<\/div>\n<p>Auteur: APA News<br \/>\n<a href=\"https:\/\/www.journalducameroun.com\/les-medias-ivoiriens-appeles-a-ne-pas-diffuser-les-informations-non-certifiees-sur-le-coronavirus\/\">Cliquez ici pour lire l&rsquo;article depuis sa source.<\/a><\/p>\n","protected":false},"excerpt":{"rendered":"<p>Publi\u00e9 le 19.03.2020 \u00e0 20h18 par APA News L\u2019Autorit\u00e9 nationale de la presse (ANP), l\u2019organe de r\u00e9gulation des m\u00e9dias en C\u00f4te d\u2019Ivoire, a enjoint jeudi la presse ivoirienne \u00e0 mettre un terme \u00e0 la diffusion des informations \u00ab non certifi\u00e9es\u00bb sur la maladie \u00e0 coronavirus dont neuf cas ont \u00e9t\u00e9 officiellement confirm\u00e9s dans le pays.Le [&hellip;]<\/p>\n","protected":false},"author":1965,"featured_media":0,"comment_status":"closed","ping_status":"closed","sticky":false,"template":"","format":"standard","meta":{"fifu_image_url":"","fifu_image_alt":"","footnotes":""},"categories":[73,82],"tags":[],"class_list":["post-79585","post","type-post","status-publish","format-standard","hentry","category-actualite","category-cameroun"],"_links":{"self":[{"href":"https:\/\/linitiative.ca\/International\/wp-json\/wp\/v2\/posts\/79585","targetHints":{"allow":["GET"]}}],"collection":[{"href":"https:\/\/linitiative.ca\/International\/wp-json\/wp\/v2\/posts"}],"about":[{"href":"https:\/\/linitiative.ca\/International\/wp-json\/wp\/v2\/types\/post"}],"author":[{"embeddable":true,"href":"https:\/\/linitiative.ca\/International\/wp-json\/wp\/v2\/users\/1965"}],"replies":[{"embeddable":true,"href":"https:\/\/linitiative.ca\/International\/wp-json\/wp\/v2\/comments?post=79585"}],"version-history":[{"count":0,"href":"https:\/\/linitiative.ca\/International\/wp-json\/wp\/v2\/posts\/79585\/revisions"}],"wp:attachment":[{"href":"https:\/\/linitiative.ca\/International\/wp-json\/wp\/v2\/media?parent=79585"}],"wp:term":[{"taxonomy":"category","embeddable":true,"href":"https:\/\/linitiative.ca\/International\/wp-json\/wp\/v2\/categories?post=79585"},{"taxonomy":"post_tag","embeddable":true,"href":"https:\/\/linitiative.ca\/International\/wp-json\/wp\/v2\/tags?post=79585"}],"curies":[{"name":"wp","href":"https:\/\/api.w.org\/{rel}","templated":true}]}}