{"id":79587,"date":"2020-03-19T17:18:03","date_gmt":"2020-03-19T21:18:03","guid":{"rendered":"https:\/\/linitiative.ca\/International\/covid-19-des-volontaires-americains-evacues-du-malawi\/"},"modified":"2020-03-19T17:18:03","modified_gmt":"2020-03-19T21:18:03","slug":"covid-19-des-volontaires-americains-evacues-du-malawi","status":"publish","type":"post","link":"https:\/\/linitiative.ca\/International\/covid-19-des-volontaires-americains-evacues-du-malawi\/","title":{"rendered":"Covid-19: des volontaires am\u00e9ricains \u00e9vacu\u00e9s du Malawi"},"content":{"rendered":"<div readability=\"32\">\n<p>Publi\u00e9 le 19.03.2020 \u00e0 22h18 par APA News<\/p>\n<\/div>\n<div readability=\"55\">\n<p>Le gouvernement des Etats-Unis a commenc\u00e9 \u00e0 \u00e9vacuer ses ressortissants volontaires au Malawi par mesure de pr\u00e9caution, craignant que ce pays d\u2019Afrique australe ne soit bient\u00f4t touch\u00e9 par l\u2019\u00e9pid\u00e9mie de coronavirus.Selon une d\u00e9claration de l\u2019ambassade am\u00e9ricaine au Malawi, le personnel am\u00e9ricain du Corps des volontaires (Peace Corps) a \u00e9t\u00e9 rapatri\u00e9 aux Etats-Unis en attendant la fin de la menace de coronavirus.<\/p>\n<p>Il a toutefois d\u00e9clar\u00e9 que le Peace Corps ne fermait pas ses op\u00e9rations au Malawi, notant que le personnel am\u00e9ricain reviendrait une fois que la menace des coronavirus aura disparu.<\/p>\n<p>\u00ab\u00a0Il est important de noter que le personnel malawite continuera \u00e0 travailler pour le Peace Corps, car il est essentiel \u00e0 la Mission\u00a0\u00bb, a-t-il ajout\u00e9.<\/p>\n<p>Il a fait remarquer que le virus qui cause la maladie du COVID-19 \u2013 continue de se propager \u00e0 travers le monde, ajoutant que l\u2019ambassade \u00ab\u00a0agit maintenant pour prot\u00e9ger la sant\u00e9 de tout le personnel\u00a0\u00bb.<\/p>\n<p>Le Malawi n\u2019a encore enregistr\u00e9 aucun cas de coronavirus, bien qu\u2019un certain nombre de ses voisins aient signal\u00e9 plusieurs cas.<\/p>\n<\/div>\n<p>Auteur: APA News<br \/>\n<a href=\"https:\/\/www.journalducameroun.com\/covid-19-des-volontaires-americains-evacues-du-malawi\/\">Cliquez ici pour lire l&rsquo;article depuis sa source.<\/a><\/p>\n","protected":false},"excerpt":{"rendered":"<p>Publi\u00e9 le 19.03.2020 \u00e0 22h18 par APA News Le gouvernement des Etats-Unis a commenc\u00e9 \u00e0 \u00e9vacuer ses ressortissants volontaires au Malawi par mesure de pr\u00e9caution, craignant que ce pays d\u2019Afrique australe ne soit bient\u00f4t touch\u00e9 par l\u2019\u00e9pid\u00e9mie de coronavirus.Selon une d\u00e9claration de l\u2019ambassade am\u00e9ricaine au Malawi, le personnel am\u00e9ricain du Corps des volontaires (Peace Corps) [&hellip;]<\/p>\n","protected":false},"author":1965,"featured_media":0,"comment_status":"closed","ping_status":"closed","sticky":false,"template":"","format":"standard","meta":{"fifu_image_url":"","fifu_image_alt":"","footnotes":""},"categories":[73,82],"tags":[],"class_list":["post-79587","post","type-post","status-publish","format-standard","hentry","category-actualite","category-cameroun"],"_links":{"self":[{"href":"https:\/\/linitiative.ca\/International\/wp-json\/wp\/v2\/posts\/79587","targetHints":{"allow":["GET"]}}],"collection":[{"href":"https:\/\/linitiative.ca\/International\/wp-json\/wp\/v2\/posts"}],"about":[{"href":"https:\/\/linitiative.ca\/International\/wp-json\/wp\/v2\/types\/post"}],"author":[{"embeddable":true,"href":"https:\/\/linitiative.ca\/International\/wp-json\/wp\/v2\/users\/1965"}],"replies":[{"embeddable":true,"href":"https:\/\/linitiative.ca\/International\/wp-json\/wp\/v2\/comments?post=79587"}],"version-history":[{"count":0,"href":"https:\/\/linitiative.ca\/International\/wp-json\/wp\/v2\/posts\/79587\/revisions"}],"wp:attachment":[{"href":"https:\/\/linitiative.ca\/International\/wp-json\/wp\/v2\/media?parent=79587"}],"wp:term":[{"taxonomy":"category","embeddable":true,"href":"https:\/\/linitiative.ca\/International\/wp-json\/wp\/v2\/categories?post=79587"},{"taxonomy":"post_tag","embeddable":true,"href":"https:\/\/linitiative.ca\/International\/wp-json\/wp\/v2\/tags?post=79587"}],"curies":[{"name":"wp","href":"https:\/\/api.w.org\/{rel}","templated":true}]}}