{"id":79589,"date":"2020-03-20T07:50:39","date_gmt":"2020-03-20T11:50:39","guid":{"rendered":"https:\/\/linitiative.ca\/International\/covid-19-une-situation-stress-riche-en-enseignement\/"},"modified":"2020-03-20T07:50:39","modified_gmt":"2020-03-20T11:50:39","slug":"covid-19-une-situation-stress-riche-en-enseignement","status":"publish","type":"post","link":"https:\/\/linitiative.ca\/International\/covid-19-une-situation-stress-riche-en-enseignement\/","title":{"rendered":"Covid-19, une \u00absituation stress\u00bb riche en enseignement"},"content":{"rendered":"<p><img decoding=\"async\" class=\"post_layout_5_img\" src=\"http:\/\/aujourdhui.ma\/wp-content\/uploads\/2020\/03\/El-Mehdi-Fakir.jpg?x29840\" alt=\"Covid-19, une &#xAB;situation stress&#xBB; riche en enseignement\"\/><\/p>\n<p class=\"p1\"><span class=\"c5\"><strong><span class=\"c4\"><em>Entretien avec<\/em> El Mehdi Fakir<em>, \u00e9conomiste<\/em><\/span><\/strong><\/span><span id=\"more-337481\"\/><\/p>\n<p class=\"p1\"><span class=\"s1\"><strong>ALM: Le Maroc a r\u00e9ussi en un temps record de mobiliser l\u2019ensemble des acteurs priv\u00e9s, publics et particuliers afin d\u2019alimenter le Fonds sp\u00e9cial cr\u00e9\u00e9 pour g\u00e9rer cette situation sanitaire \u00e0 lourdes retomb\u00e9es \u00e9conomiques. Selon vous comment seront r\u00e9parties les allocations destin\u00e9es \u00e0 soutenir l\u2019\u00e9conomie nationale?<\/strong><\/span><\/p>\n<p class=\"p1\"><span class=\"s1\"><strong>El Mehdi Fakir:<\/strong> Il est pr\u00e9matur\u00e9 de parler de r\u00e9partition des ressources pour appuyer les secteurs \u00e9conomiques. Le plus judicieux serait de parler du renforcement des structures sanitaires. Appuyer l\u2019effort de la sant\u00e9 publique c\u2019est ce qu\u2019il y a de plus important pour le moment.<\/span><\/p>\n<p class=\"p1\"><span class=\"s1\">La configuration du Fonds est claire. Il est d\u00e9di\u00e9, en premier temps, \u00e0 la prise en charge des d\u00e9penses de mise \u00e0 niveau du dispositif m\u00e9dical notamment en termes de renforcement des moyens de d\u00e9pistage, la pr\u00e9vention des infections et la consolidation de capacit\u00e9 liti\u00e8re en mati\u00e8re de r\u00e9animation. Suivra dans une deuxi\u00e8me mesure l\u2019appui \u00e9conomique dont la prise en charge des cotisations CNSS et de certains engagements fiscaux pour venir en aide aux secteurs sinistr\u00e9s. Il est pr\u00e9matur\u00e9 aujourd\u2019hui de parler d\u2019impact parce que nous ne disposons pas de visibilit\u00e9 pr\u00e9cise.<\/span><\/p>\n<p class=\"p1\"><span class=\"s1\"><strong>Pourrait-il y avoir un \u00e9ventuel recours aux lignes de pr\u00e9cautions et de liquidit\u00e9 (LPL) au cas o\u00f9 cette crise se d\u00e9veloppe davantage?<\/strong><\/span><\/p>\n<p class=\"p1\"><span class=\"s1\">Cel\u00e0 peut \u00eatre possible mais jusqu\u2019\u00e0 maintenant aucune d\u00e9cision n\u2019a \u00e9t\u00e9 prise. Le recours aux LPL est fort probable et je crois que c\u2019est le bon moment pour les utiliser si \u00abn\u00e9cessaire\u00bb.<\/span><\/p>\n<p class=\"p1\"><span class=\"s1\">Rappelons que ces liquidit\u00e9s sont en devises et non pas en dirham. Pour le moment et gr\u00e2ce \u00e0 l\u2019\u00e9lan de solidarit\u00e9, nous avons pu collecter plus des 10 milliards de dirhams fix\u00e9s pour le Fonds. Personnellement, je pense que ces ressources sont largement suffisantes pour parer \u00e0 ce qui se passe. Le plus important c\u2019est de pr\u00e9parer l\u2019avenir.<\/span><\/p>\n<p class=\"p1\"><span class=\"s1\"><strong>Et comment imaginez-vous l\u2019avenir apr\u00e8s cette crise?<\/strong><\/span><\/p>\n<p class=\"p1\"><span class=\"s1\">Personnellement, je suis quelqu\u2019un qui demeure optimiste. Nous nous pr\u00e9parons \u00e0 vivre des jours difficiles. Il faut qu\u2019on s\u2019y pr\u00e9pare et la meilleure fa\u00e7on pour s\u2019y pr\u00e9parer c\u2019est de se retrousser les manches. Vous savez que les meilleures relances et les meilleurs rebondissements \u00e9conomiques sont ceux qui interviennent apr\u00e8s les p\u00e9riodes de crise. Ce que nous vivons aujourd\u2019hui n\u2019est pas un \u00abStress Test\u00bb mais plut\u00f4t une \u00abStress Situation\u00bb qui va engendrer des enseignements tr\u00e8s importants pour l\u2019avenir.<\/span><\/p>\n<p class=\"p1\"><span class=\"s1\"><strong>Est-ce que cette crise entraverait le d\u00e9roulement des chantiers lanc\u00e9s r\u00e9cemment en l\u2019occurrence Intelaka. Cette conjoncture ralentirait cet \u00e9lan?<\/strong><\/span><\/p>\n<p class=\"p1\"><span class=\"s1\">Je ne dirai pas ralentir. Il y a une exception et on en tient compte car nous n\u2019avons pas trop le choix. Ma conviction personnelle c\u2019est de s\u2019y mettre et il faut y croire. Cette situation nous pousse \u00e0 temp\u00e9rer. On verra d\u2019ici l\u00e0 comment les choses vont \u00e9voluer. Comme je ne cesse de r\u00e9p\u00e9ter, il est encore trop t\u00f4t de se prononcer mais restons confiants quand m\u00eame. Il faut imaginer les choses avec beaucoup de positivisme. J\u2019esp\u00e8re que cette crise va passer et qu\u2019on en tirera les bonnes le\u00e7ons. Il faut se mettre au boulot et faire le n\u00e9cessaire pour contourner cette situation. Il faut profiter du moment pour faire bouger les choses. Il ne s\u2019agit pas d\u2019un temps mort mais d\u2019un temps de travail.<\/span><\/p>\n<p>Auteur: Kawtar Tali<br \/>\n<a href=\"http:\/\/aujourdhui.ma\/societe\/covid-19-une-situation-stress-riche-en-enseignement\">Cliquez ici pour lire l&rsquo;article depuis sa source.<\/a><\/p>\n","protected":false},"excerpt":{"rendered":"<p>Entretien avec El Mehdi Fakir, \u00e9conomiste ALM: Le Maroc a r\u00e9ussi en un temps record de mobiliser l\u2019ensemble des acteurs priv\u00e9s, publics et particuliers afin d\u2019alimenter le Fonds sp\u00e9cial cr\u00e9\u00e9 pour g\u00e9rer cette situation sanitaire \u00e0 lourdes retomb\u00e9es \u00e9conomiques. Selon vous comment seront r\u00e9parties les allocations destin\u00e9es \u00e0 soutenir l\u2019\u00e9conomie nationale? El Mehdi Fakir: Il [&hellip;]<\/p>\n","protected":false},"author":1759,"featured_media":0,"comment_status":"closed","ping_status":"closed","sticky":false,"template":"","format":"standard","meta":{"fifu_image_url":"","fifu_image_alt":"","footnotes":""},"categories":[73,54],"tags":[],"class_list":["post-79589","post","type-post","status-publish","format-standard","hentry","category-actualite","category-maroc"],"_links":{"self":[{"href":"https:\/\/linitiative.ca\/International\/wp-json\/wp\/v2\/posts\/79589","targetHints":{"allow":["GET"]}}],"collection":[{"href":"https:\/\/linitiative.ca\/International\/wp-json\/wp\/v2\/posts"}],"about":[{"href":"https:\/\/linitiative.ca\/International\/wp-json\/wp\/v2\/types\/post"}],"author":[{"embeddable":true,"href":"https:\/\/linitiative.ca\/International\/wp-json\/wp\/v2\/users\/1759"}],"replies":[{"embeddable":true,"href":"https:\/\/linitiative.ca\/International\/wp-json\/wp\/v2\/comments?post=79589"}],"version-history":[{"count":0,"href":"https:\/\/linitiative.ca\/International\/wp-json\/wp\/v2\/posts\/79589\/revisions"}],"wp:attachment":[{"href":"https:\/\/linitiative.ca\/International\/wp-json\/wp\/v2\/media?parent=79589"}],"wp:term":[{"taxonomy":"category","embeddable":true,"href":"https:\/\/linitiative.ca\/International\/wp-json\/wp\/v2\/categories?post=79589"},{"taxonomy":"post_tag","embeddable":true,"href":"https:\/\/linitiative.ca\/International\/wp-json\/wp\/v2\/tags?post=79589"}],"curies":[{"name":"wp","href":"https:\/\/api.w.org\/{rel}","templated":true}]}}