{"id":79590,"date":"2020-03-20T08:04:20","date_gmt":"2020-03-20T12:04:20","guid":{"rendered":"https:\/\/linitiative.ca\/International\/fonds-de-gestion-du-coronavirus-la-chambre-de-commerce-dindustrie-et-de-services-de-casablanca-participe-avec-10-millions-dh\/"},"modified":"2020-03-20T08:04:20","modified_gmt":"2020-03-20T12:04:20","slug":"fonds-de-gestion-du-coronavirus-la-chambre-de-commerce-dindustrie-et-de-services-de-casablanca-participe-avec-10-millions-dh","status":"publish","type":"post","link":"https:\/\/linitiative.ca\/International\/fonds-de-gestion-du-coronavirus-la-chambre-de-commerce-dindustrie-et-de-services-de-casablanca-participe-avec-10-millions-dh\/","title":{"rendered":"Fonds de gestion du coronavirus : La Chambre de commerce, d\u2019industrie et de services de Casablanca participe avec 10 millions DH"},"content":{"rendered":"<header>\n<\/header>\n<div class=\"entry-content clearfix\" readability=\"48\"><img decoding=\"async\" class=\"post_layout_5_img\" src=\"http:\/\/aujourdhui.ma\/wp-content\/uploads\/2019\/04\/cciscs-Chambre-de-commerce-d\u2019industrie-et-des-services-Casablanca-Settat.jpg?x29840\" alt=\"Fonds de gestion du coronavirus : La Chambre de commerce, d&#x2019;industrie et de services de Casablanca participe avec 10 millions DH\"\/><\/p>\n<p class=\"p1\"><span class=\"s1\"><span class=\"c4\"><strong>En ce temps de crise, l\u2019heure est \u00e0 la mobilisation g\u00e9n\u00e9rale. Ainsi, la Chambre de commerce, d\u2019industrie et de services de Casablanca-Settat vient d\u2019annoncer qu\u2019elle donne 10 millions de dirhams au Fonds de gestion du coronavirus.<\/strong><\/span><\/span><span id=\"more-337477\"\/><\/p>\n<p class=\"p1\"><span class=\"s1\">Ce qui repr\u00e9sente la moiti\u00e9 de son budget annuel s\u2019alignant ainsi \u00e0 l\u2019\u00e9lan de solidarit\u00e9 exprim\u00e9 par les diff\u00e9rentes composantes de la nation face \u00e0 cette situation sanitaire in\u00e9dite. Ce don s\u2019ajoute \u00e0 ceux fait par les diff\u00e9rentes entreprises et institutions pr\u00e9c\u00e9demment. L\u2019objectif \u00e9tant d\u2019all\u00e9ger les effets \u00e9ventuels de cette crise sur l\u2019\u00e9conomie nationale. Notons que ce Fonds est destin\u00e9 a la prise en charge des d\u00e9penses de mise \u00e0 niveau du dispositif m\u00e9dical.<\/span><\/p>\n<p class=\"p1\"><span class=\"s1\">Il est \u00e9galement destin\u00e9 \u00e0 soutenir l\u2019\u00e9conomie nationale, \u00e0 travers plusieurs mesures qui seront propos\u00e9es par le gouvernement, en particulier en termes d\u2019accompagnement des secteurs vuln\u00e9rables. Il s\u2019agit \u00e9galement d\u2019att\u00e9nuer les r\u00e9percussions sociales de cette crise.<\/span><\/p>\n<\/div>\n<p>Auteur: ALM<br \/>\n<a href=\"http:\/\/aujourdhui.ma\/actualite\/fonds-de-gestion-du-coronavirus-la-chambre-de-commerce-dindustrie-et-de-services-de-casablanca-participe-avec-10-millions-dh\">Cliquez ici pour lire l&rsquo;article depuis sa source.<\/a><\/p>\n","protected":false},"excerpt":{"rendered":"<p>En ce temps de crise, l\u2019heure est \u00e0 la mobilisation g\u00e9n\u00e9rale. Ainsi, la Chambre de commerce, d\u2019industrie et de services de Casablanca-Settat vient d\u2019annoncer qu\u2019elle donne 10 millions de dirhams au Fonds de gestion du coronavirus. Ce qui repr\u00e9sente la moiti\u00e9 de son budget annuel s\u2019alignant ainsi \u00e0 l\u2019\u00e9lan de solidarit\u00e9 exprim\u00e9 par les diff\u00e9rentes [&hellip;]<\/p>\n","protected":false},"author":1759,"featured_media":0,"comment_status":"closed","ping_status":"closed","sticky":false,"template":"","format":"standard","meta":{"fifu_image_url":"","fifu_image_alt":"","footnotes":""},"categories":[73,54],"tags":[],"class_list":["post-79590","post","type-post","status-publish","format-standard","hentry","category-actualite","category-maroc"],"_links":{"self":[{"href":"https:\/\/linitiative.ca\/International\/wp-json\/wp\/v2\/posts\/79590","targetHints":{"allow":["GET"]}}],"collection":[{"href":"https:\/\/linitiative.ca\/International\/wp-json\/wp\/v2\/posts"}],"about":[{"href":"https:\/\/linitiative.ca\/International\/wp-json\/wp\/v2\/types\/post"}],"author":[{"embeddable":true,"href":"https:\/\/linitiative.ca\/International\/wp-json\/wp\/v2\/users\/1759"}],"replies":[{"embeddable":true,"href":"https:\/\/linitiative.ca\/International\/wp-json\/wp\/v2\/comments?post=79590"}],"version-history":[{"count":0,"href":"https:\/\/linitiative.ca\/International\/wp-json\/wp\/v2\/posts\/79590\/revisions"}],"wp:attachment":[{"href":"https:\/\/linitiative.ca\/International\/wp-json\/wp\/v2\/media?parent=79590"}],"wp:term":[{"taxonomy":"category","embeddable":true,"href":"https:\/\/linitiative.ca\/International\/wp-json\/wp\/v2\/categories?post=79590"},{"taxonomy":"post_tag","embeddable":true,"href":"https:\/\/linitiative.ca\/International\/wp-json\/wp\/v2\/tags?post=79590"}],"curies":[{"name":"wp","href":"https:\/\/api.w.org\/{rel}","templated":true}]}}