{"id":79592,"date":"2020-03-20T11:10:19","date_gmt":"2020-03-20T15:10:19","guid":{"rendered":"https:\/\/linitiative.ca\/International\/urgence-sanitaire-lattestation-exceptionnelle-de-circulation-sera-distribuee-a-tous-les-domiciles-du-royaume\/"},"modified":"2020-03-20T11:10:19","modified_gmt":"2020-03-20T15:10:19","slug":"urgence-sanitaire-lattestation-exceptionnelle-de-circulation-sera-distribuee-a-tous-les-domiciles-du-royaume","status":"publish","type":"post","link":"https:\/\/linitiative.ca\/International\/urgence-sanitaire-lattestation-exceptionnelle-de-circulation-sera-distribuee-a-tous-les-domiciles-du-royaume\/","title":{"rendered":"Urgence sanitaire: \u00ab\u00a0l\u2019attestation exceptionnelle de circulation\u00a0\u00bb sera distribu\u00e9e \u00e0 tous les domiciles du Royaume"},"content":{"rendered":"<header>\n<\/header>\n<div class=\"entry-content clearfix\" readability=\"56.454621149\"><img decoding=\"async\" class=\"post_layout_5_img\" src=\"http:\/\/aujourdhui.ma\/wp-content\/uploads\/2020\/03\/Laaroussi-Baloua-lattestation-exceptionnelle-de-circulation.jpg?x29840\" alt=\"Urgence sanitaire: &#xAB;&#xA0;l&#x2019;attestation exceptionnelle de circulation&#xA0;&#xBB; sera distribu&#xE9;e &#xE0; tous les domiciles du Royaume\"\/><\/p>\n<p><span class=\"c4\"><strong>Les agents et auxiliaires de l\u2019autorit\u00e9 proc\u00e8deront \u00e0 la distribution de \u00ab\u00a0l\u2019attestation exceptionnelle de circulation\u00a0\u00bb \u00e0 tous les domiciles du Royaume, dans le cadre de \u00ab\u00a0l\u2019\u00e9tat d\u2019urgence sanitaire\u00a0\u00bb et la restriction de la circulation d\u00e9clar\u00e9e \u00e0 partir de ce vendredi \u00e0 18h00, a affirm\u00e9 le minist\u00e8re de l\u2019Int\u00e9rieur.<\/strong><\/span><span id=\"more-337513\"\/><\/p>\n<p>Dans une d\u00e9claration \u00e0 la presse, le gouverneur Laaroussi Baloua, directeur de la s\u00e9curit\u00e9 et de la documentation au minist\u00e8re de l\u2019Int\u00e9rieur, a soulign\u00e9 qu&rsquo;\u00a0\u00bb\u00e0 partir du vendredi matin, il est proc\u00e9d\u00e9 \u00e0 la distribution de cette attestation aupr\u00e8s de toutes les maisons par les agents et auxiliaires de l\u2019autorit\u00e9\u00a0\u00bb.<\/p>\n<p>Il a affirm\u00e9 que tous les citoyens sont appel\u00e9s \u00e0 pr\u00e9senter ce document aux agents charg\u00e9s du contr\u00f4le qui seront d\u00e9ploy\u00e9s dans les diff\u00e9rentes rues et avenues.<\/p>\n<p>Le minist\u00e8re de l\u2019Int\u00e9rieur, a-t-il dit, a pris toutes les mesures n\u00e9cessaires pour assurer le bon d\u00e9roulement de l\u2019op\u00e9ration de distribution, dans les d\u00e9lais impartis.<\/p>\n<p>L\u2019autorisation de d\u00e9placement exceptionnelle est \u00e9galement disponible sur le site:\u00a0<span class=\"c6\"><strong><a class=\"c5\" href=\"http:\/\/covid19.interieur.gov.ma\/\">http:\/\/covid19.interieur.gov.ma\/<\/a><\/strong><\/span>\u00a0que le minist\u00e8re a consacr\u00e9 \u00e0 cet effet.<\/p>\n<\/div>\n<p>Auteur: ALM (Avec MAP)<br \/>\n<a href=\"http:\/\/aujourdhui.ma\/actualite\/urgence-sanitaire-lattestation-exceptionnelle-de-circulation-sera-distribuee-a-tous-les-domiciles-du-royaume\">Cliquez ici pour lire l&rsquo;article depuis sa source.<\/a><\/p>\n","protected":false},"excerpt":{"rendered":"<p>Les agents et auxiliaires de l\u2019autorit\u00e9 proc\u00e8deront \u00e0 la distribution de \u00ab\u00a0l\u2019attestation exceptionnelle de circulation\u00a0\u00bb \u00e0 tous les domiciles du Royaume, dans le cadre de \u00ab\u00a0l\u2019\u00e9tat d\u2019urgence sanitaire\u00a0\u00bb et la restriction de la circulation d\u00e9clar\u00e9e \u00e0 partir de ce vendredi \u00e0 18h00, a affirm\u00e9 le minist\u00e8re de l\u2019Int\u00e9rieur. Dans une d\u00e9claration \u00e0 la presse, le [&hellip;]<\/p>\n","protected":false},"author":1759,"featured_media":0,"comment_status":"closed","ping_status":"closed","sticky":false,"template":"","format":"standard","meta":{"fifu_image_url":"","fifu_image_alt":"","footnotes":""},"categories":[73,54],"tags":[],"class_list":["post-79592","post","type-post","status-publish","format-standard","hentry","category-actualite","category-maroc"],"_links":{"self":[{"href":"https:\/\/linitiative.ca\/International\/wp-json\/wp\/v2\/posts\/79592","targetHints":{"allow":["GET"]}}],"collection":[{"href":"https:\/\/linitiative.ca\/International\/wp-json\/wp\/v2\/posts"}],"about":[{"href":"https:\/\/linitiative.ca\/International\/wp-json\/wp\/v2\/types\/post"}],"author":[{"embeddable":true,"href":"https:\/\/linitiative.ca\/International\/wp-json\/wp\/v2\/users\/1759"}],"replies":[{"embeddable":true,"href":"https:\/\/linitiative.ca\/International\/wp-json\/wp\/v2\/comments?post=79592"}],"version-history":[{"count":0,"href":"https:\/\/linitiative.ca\/International\/wp-json\/wp\/v2\/posts\/79592\/revisions"}],"wp:attachment":[{"href":"https:\/\/linitiative.ca\/International\/wp-json\/wp\/v2\/media?parent=79592"}],"wp:term":[{"taxonomy":"category","embeddable":true,"href":"https:\/\/linitiative.ca\/International\/wp-json\/wp\/v2\/categories?post=79592"},{"taxonomy":"post_tag","embeddable":true,"href":"https:\/\/linitiative.ca\/International\/wp-json\/wp\/v2\/tags?post=79592"}],"curies":[{"name":"wp","href":"https:\/\/api.w.org\/{rel}","templated":true}]}}