{"id":79594,"date":"2020-03-20T13:04:12","date_gmt":"2020-03-20T17:04:12","guid":{"rendered":"https:\/\/linitiative.ca\/International\/le-tna-met-en-ligne-ces-spectacles\/"},"modified":"2020-03-20T13:04:12","modified_gmt":"2020-03-20T17:04:12","slug":"le-tna-met-en-ligne-ces-spectacles","status":"publish","type":"post","link":"https:\/\/linitiative.ca\/International\/le-tna-met-en-ligne-ces-spectacles\/","title":{"rendered":"Le Tna met en ligne ces spectacles"},"content":{"rendered":"<p><span class=\"sp-nh-title\">Sahara occidental: aucun cas du coronavirus dans les camps de r\u00e9fugi\u00e9s<\/span> &#8211; <span class=\"sp-nh-date\">vendredi 20 mars 2020 17:38<\/span><\/p>\n<p><span class=\"sp-nh-title\">Covid19: dispositif pour le rapatriement des ressortissants alg\u00e9riens<\/span> &#8211; <span class=\"sp-nh-date\">vendredi 20 mars 2020 17:29<\/span><\/p>\n<p><span class=\"sp-nh-title\">Confinement: 542 voyageurs rapatri\u00e9s plac\u00e9s dans des h\u00f4tels \u00e0 Tipasa<\/span> &#8211; <span class=\"sp-nh-date\">vendredi 20 mars 2020 17:25<\/span><\/p>\n<p><span class=\"sp-nh-title\">Mostaganem: 278 passagers alg\u00e9riens venus de France mis en quarantaine<\/span> &#8211; <span class=\"sp-nh-date\">vendredi 20 mars 2020 17:00<\/span><\/p>\n<p><span class=\"sp-nh-title\">Tizi-Ouzou: approvisionnement des march\u00e9s en pommes de terre<\/span> &#8211; <span class=\"sp-nh-date\">vendredi 20 mars 2020 16:54<\/span><\/p>\n<p><span class=\"sp-nh-title\">Covid19: les Championnats d&rsquo;Afrique de VTT report\u00e9s \u00e0 une date ult\u00e9rieure<\/span> &#8211; <span class=\"sp-nh-date\">vendredi 20 mars 2020 16:49<\/span><\/p>\n<p><span class=\"sp-nh-title\">Possibilit\u00e9 pour les retrait\u00e9s et personnes \u00e2g\u00e9es de retirer leurs pensions par procuration<\/span> &#8211; <span class=\"sp-nh-date\">vendredi 20 mars 2020 15:54<\/span><\/p>\n<p><span class=\"sp-nh-title\">El Tarf: confinement sanitaire pour 438 voyageurs en provenance de Tunisie<\/span> &#8211; <span class=\"sp-nh-date\">vendredi 20 mars 2020 15:47<\/span><\/p>\n<p><span class=\"sp-nh-title\">Pluies orageuses sur le Sahara central et les Hauts-Plateaux \u00e0 partir de vendredi<\/span> &#8211; <span class=\"sp-nh-date\">vendredi 20 mars 2020 15:10<\/span><\/p>\n<p><span class=\"sp-nh-title\">Foot-Coronavirus: on ne veut pas d&rsquo;une saison blanche<\/span> &#8211; <span class=\"sp-nh-date\">vendredi 20 mars 2020 14:42<\/span><\/p>\n<p><span class=\"sp-nh-title\">Coronavirus : campagne de sensibilisation par des sportifs alg\u00e9riens via le web<\/span> &#8211; <span class=\"sp-nh-date\">vendredi 20 mars 2020 14:05<\/span><\/p>\n<p><span class=\"sp-nh-title\">Coronavirus: 30 \u00e9tablissements h\u00f4teliers des deux secteurs mis \u00e0 la disposition des Pouvoirs publics<\/span> &#8211; <span class=\"sp-nh-date\">vendredi 20 mars 2020 12:18<\/span><\/p>\n<p><span class=\"sp-nh-title\">Les minist\u00e8res des Affaires religieuses et de la Communication rappellent les m\u00e9dias \u00e0 l&rsquo;ordre<\/span> &#8211; <span class=\"sp-nh-date\">vendredi 20 mars 2020 11:59<\/span><\/p>\n<p><span class=\"sp-nh-title\">l&rsquo;OMS appelle \u00e0 cr\u00e9er un canal continu de fourniture d&rsquo;\u00e9quipements m\u00e9dicaux<\/span> &#8211; <span class=\"sp-nh-date\">vendredi 20 mars 2020 11:19<\/span><\/p>\n<p><span class=\"sp-nh-title\">Coronavirus: Sonelgaz appelle ses clients \u00e0 signaler les pannes techniques et \u00e0 r\u00e9gler les factures \u00e0 distance<\/span> &#8211; <span class=\"sp-nh-date\">vendredi 20 mars 2020 11:09<\/span><\/p>\n<p><span class=\"sp-nh-title\">Air Alg\u00e9rie: trois vols de rapatriement d\u00e9p\u00each\u00e9s jeudi vers Paris et Casablanca<\/span> &#8211; <span class=\"sp-nh-date\">vendredi 20 mars 2020 11:03<\/span><\/p>\n<p><span class=\"sp-nh-title\">Le Tna met en ligne ces spectacles<\/span> &#8211; <span class=\"sp-nh-date\">vendredi 20 mars 2020 10:48<\/span><\/p>\n<p><span class=\"sp-nh-title\">Le minist\u00e8re de la Sant\u00e9 communique en toute transparence les chiffres relatifs \u00e0 la pand\u00e9mie<\/span> &#8211; <span class=\"sp-nh-date\">vendredi 20 mars 2020 10:20<\/span><\/p>\n<p><span class=\"sp-nh-title\">Coronavirus : l\u2019Etat a pris toutes les pr\u00e9cautions n\u00e9cessaires en cas d\u2019\u00e9volution de l\u2019\u00e9pid\u00e9mie<\/span> &#8211; <span class=\"sp-nh-date\">vendredi 20 mars 2020 10:15<\/span><\/p>\n<p><span class=\"sp-nh-title\">Le Pr\u00e9sident de la R\u00e9publique prend une s\u00e9rie de mesures face \u00e0 l&rsquo;\u00e9volution de la pand\u00e9mie du COVID-19<\/span> &#8211; <span class=\"sp-nh-date\">jeudi 19 mars 2020 20:10<\/span><\/p>\n<p>Auteur:<br \/>\n<a href=\"http:\/\/www.aps.dz\/culture\/103256-le-tna-met-en-ligne-ces-spectacles\">Cliquez ici pour lire l&rsquo;article depuis sa source.<\/a><\/p>\n","protected":false},"excerpt":{"rendered":"<p>Sahara occidental: aucun cas du coronavirus dans les camps de r\u00e9fugi\u00e9s &#8211; vendredi 20 mars 2020 17:38 Covid19: dispositif pour le rapatriement des ressortissants alg\u00e9riens &#8211; vendredi 20 mars 2020 17:29 Confinement: 542 voyageurs rapatri\u00e9s plac\u00e9s dans des h\u00f4tels \u00e0 Tipasa &#8211; vendredi 20 mars 2020 17:25 Mostaganem: 278 passagers alg\u00e9riens venus de France mis [&hellip;]<\/p>\n","protected":false},"author":1790,"featured_media":0,"comment_status":"closed","ping_status":"closed","sticky":false,"template":"","format":"standard","meta":{"fifu_image_url":"","fifu_image_alt":"","footnotes":""},"categories":[53,79],"tags":[],"class_list":["post-79594","post","type-post","status-publish","format-standard","hentry","category-algerie","category-culture"],"_links":{"self":[{"href":"https:\/\/linitiative.ca\/International\/wp-json\/wp\/v2\/posts\/79594","targetHints":{"allow":["GET"]}}],"collection":[{"href":"https:\/\/linitiative.ca\/International\/wp-json\/wp\/v2\/posts"}],"about":[{"href":"https:\/\/linitiative.ca\/International\/wp-json\/wp\/v2\/types\/post"}],"author":[{"embeddable":true,"href":"https:\/\/linitiative.ca\/International\/wp-json\/wp\/v2\/users\/1790"}],"replies":[{"embeddable":true,"href":"https:\/\/linitiative.ca\/International\/wp-json\/wp\/v2\/comments?post=79594"}],"version-history":[{"count":0,"href":"https:\/\/linitiative.ca\/International\/wp-json\/wp\/v2\/posts\/79594\/revisions"}],"wp:attachment":[{"href":"https:\/\/linitiative.ca\/International\/wp-json\/wp\/v2\/media?parent=79594"}],"wp:term":[{"taxonomy":"category","embeddable":true,"href":"https:\/\/linitiative.ca\/International\/wp-json\/wp\/v2\/categories?post=79594"},{"taxonomy":"post_tag","embeddable":true,"href":"https:\/\/linitiative.ca\/International\/wp-json\/wp\/v2\/tags?post=79594"}],"curies":[{"name":"wp","href":"https:\/\/api.w.org\/{rel}","templated":true}]}}