{"id":79596,"date":"2020-03-19T15:41:00","date_gmt":"2020-03-19T19:41:00","guid":{"rendered":"https:\/\/linitiative.ca\/International\/les-nouvelles-mesures-prises-par-tebboune\/"},"modified":"2020-03-19T15:41:00","modified_gmt":"2020-03-19T19:41:00","slug":"les-nouvelles-mesures-prises-par-tebboune","status":"publish","type":"post","link":"https:\/\/linitiative.ca\/International\/les-nouvelles-mesures-prises-par-tebboune\/","title":{"rendered":"Les nouvelles mesures prises par Tebboune"},"content":{"rendered":"<div id=\"originalText\" readability=\"92\">\n<p class=\"c6\">Le Pr\u00e9sident de la R\u00e9publique, M. Abdelmadjid Tebboune, a pr\u00e9sid\u00e9, jeudi au si\u00e8ge de la Pr\u00e9sidence de la R\u00e9publique, une\u00a0r\u00e9union compl\u00e9mentaire \u00e0 la s\u00e9ance de travail du 17 mars, en pr\u00e9sence du Premier ministre, de nombre de ministres et de chefs d&rsquo;organes s\u00e9curitaires, consacr\u00e9e \u00e0 la propagation du Coronavirus en Alg\u00e9rie, indique un communiqu\u00e9 de la Pr\u00e9sidence de la R\u00e9publique.<\/p>\n<p class=\"c6\">Voici les principales mesures :<\/p>\n<p class=\"c6\">&#8211; La suspension de tous les moyens de transport en commun publics et priv\u00e9s \u00e0 l\u2019int\u00e9rieur des villes et inter-wilayas ainsi que le trafic ferroviaire.<\/p>\n<p class=\"c6\">&#8211; La d\u00e9mobilisation de 50% des employ\u00e9s et le maintien des employ\u00e9s des services vitaux n\u00e9cessaires, avec maintien des salaires.<\/p>\n<p class=\"c6\">&#8211; La d\u00e9mobilisation des femmes travailleuses ayant des enfants en bas \u00e2ges.<\/p>\n<p class=\"c6\">Les cat\u00e9gories concern\u00e9es par la d\u00e9mobilisation seront d\u00e9finies, dans les deux cas, via un d\u00e9cret ex\u00e9cutif qui sera promulgu\u00e9 par le Premier ministre.<\/p>\n<p class=\"c6\">&#8211; La fermeture temporaire des Caf\u00e9s et restaurants dans les grandes villes.<\/p>\n<p class=\"c6\">\u00a0<\/p>\n<p class=\"c6\">Ces mesures entreront en vigueur \u00e0 partir de dimanche \u00e0 01:00 et s&rsquo;\u00e9taleront jusqu&rsquo;au 4 avril. Elles seront soit lev\u00e9es, soit prolong\u00e9es en fonction des nouvelles donnes.<\/p>\n<p class=\"c6\">&#8211; R\u00e9guler le march\u00e9 pour lutter contre les p\u00e9nuries en assurant la disponibilit\u00e9 de tous les produits alimentaires de premi\u00e8re n\u00e9cessit\u00e9.<\/p>\n<p class=\"c6\">&#8211; Charger le minist\u00e8re de l&rsquo;Int\u00e9rieur, des Collectivit\u00e9s locales et de l&rsquo;Am\u00e9nagement du territoire de guetter, en coordination avec les minist\u00e8res du Commerce et de l&rsquo;Agriculture, les sp\u00e9culateurs et de prendre les mesures n\u00e9cessaires \u00e0 leur encontre, dont la mise sous scell\u00e9s de leurs entrep\u00f4ts et locaux et leur signalement \u00e0 travers les m\u00e9dias avant de les d\u00e9f\u00e9rer \u00e0 la justice.<\/p>\n<p class=\"c6\">&#8211; Doter l&rsquo;actuelle commission de vigilance et de suivi au minist\u00e8re de la Sant\u00e9, de la Population et de la R\u00e9forme hospitali\u00e8re d&rsquo;un comit\u00e9 scientifique de suivi de l&rsquo;\u00e9volution de la pand\u00e9mie du Coronavirus (COVID-19), compos\u00e9 d&rsquo;\u00e9minents m\u00e9decins sp\u00e9cialistes \u00e0 travers tout le territoire national sous la supervision du ministre de la Sant\u00e9, de la Population et de la R\u00e9forme hospitali\u00e8re, et dont la t\u00e2che consistera \u00e0 suivre l&rsquo;\u00e9volution de la pand\u00e9mie et \u00e0 en informer l&rsquo;opinion publique quotidiennement et de mani\u00e8re r\u00e9guli\u00e8re. L&rsquo;\u00e9pid\u00e9miologiste Pr. Djamel Fourar, Directeur g\u00e9n\u00e9ral de la pr\u00e9vention au minist\u00e8re de la sant\u00e9, a \u00e9t\u00e9 nomm\u00e9 Porte parole officiel de ce nouveau comit\u00e9 scientifique.<\/p>\n<p class=\"c6\">&#8211; Charger le minist\u00e8re des Finances \u00e0 l&rsquo;effet de faciliter les mesures de d\u00e9douanement des produits alimentaires import\u00e9s et d&rsquo;acc\u00e9l\u00e9rer les proc\u00e9dures bancaires y aff\u00e9rentes en fonction de la situation exceptionnelle que traverse le pays.<\/p>\n<p class=\"c7\"><strong>R\u00e9daction Web\/APS<\/strong><\/p>\n<\/div>\n<div id=\"text_core\" readability=\"92\">\n<p class=\"c6\">Le Pr\u00e9sident de la R\u00e9publique, M. Abdelmadjid Tebboune, a pr\u00e9sid\u00e9, jeudi au si\u00e8ge de la Pr\u00e9sidence de la R\u00e9publique, une\u00a0r\u00e9union compl\u00e9mentaire \u00e0 la s\u00e9ance de travail du 17 mars, en pr\u00e9sence du Premier ministre, de nombre de ministres et de chefs d&rsquo;organes s\u00e9curitaires, consacr\u00e9e \u00e0 la propagation du Coronavirus en Alg\u00e9rie, indique un communiqu\u00e9 de la Pr\u00e9sidence de la R\u00e9publique.<\/p>\n<p class=\"c6\">Voici les principales mesures :<\/p>\n<p class=\"c6\">&#8211; La suspension de tous les moyens de transport en commun publics et priv\u00e9s \u00e0 l\u2019int\u00e9rieur des villes et inter-wilayas ainsi que le trafic ferroviaire.<\/p>\n<p class=\"c6\">&#8211; La d\u00e9mobilisation de 50% des employ\u00e9s et le maintien des employ\u00e9s des services vitaux n\u00e9cessaires, avec maintien des salaires.<\/p>\n<p class=\"c6\">&#8211; La d\u00e9mobilisation des femmes travailleuses ayant des enfants en bas \u00e2ges.<\/p>\n<p class=\"c6\">Les cat\u00e9gories concern\u00e9es par la d\u00e9mobilisation seront d\u00e9finies, dans les deux cas, via un d\u00e9cret ex\u00e9cutif qui sera promulgu\u00e9 par le Premier ministre.<\/p>\n<p class=\"c6\">&#8211; La fermeture temporaire des Caf\u00e9s et restaurants dans les grandes villes.<\/p>\n<p class=\"c6\">\u00a0<\/p>\n<p class=\"c6\">Ces mesures entreront en vigueur \u00e0 partir de dimanche \u00e0 01:00 et s&rsquo;\u00e9taleront jusqu&rsquo;au 4 avril. Elles seront soit lev\u00e9es, soit prolong\u00e9es en fonction des nouvelles donnes.<\/p>\n<p class=\"c6\">&#8211; R\u00e9guler le march\u00e9 pour lutter contre les p\u00e9nuries en assurant la disponibilit\u00e9 de tous les produits alimentaires de premi\u00e8re n\u00e9cessit\u00e9.<\/p>\n<p class=\"c6\">&#8211; Charger le minist\u00e8re de l&rsquo;Int\u00e9rieur, des Collectivit\u00e9s locales et de l&rsquo;Am\u00e9nagement du territoire de guetter, en coordination avec les minist\u00e8res du Commerce et de l&rsquo;Agriculture, les sp\u00e9culateurs et de prendre les mesures n\u00e9cessaires \u00e0 leur encontre, dont la mise sous scell\u00e9s de leurs entrep\u00f4ts et locaux et leur signalement \u00e0 travers les m\u00e9dias avant de les d\u00e9f\u00e9rer \u00e0 la justice.<\/p>\n<p class=\"c6\">&#8211; Doter l&rsquo;actuelle commission de vigilance et de suivi au minist\u00e8re de la Sant\u00e9, de la Population et de la R\u00e9forme hospitali\u00e8re d&rsquo;un comit\u00e9 scientifique de suivi de l&rsquo;\u00e9volution de la pand\u00e9mie du Coronavirus (COVID-19), compos\u00e9 d&rsquo;\u00e9minents m\u00e9decins sp\u00e9cialistes \u00e0 travers tout le territoire national sous la supervision du ministre de la Sant\u00e9, de la Population et de la R\u00e9forme hospitali\u00e8re, et dont la t\u00e2che consistera \u00e0 suivre l&rsquo;\u00e9volution de la pand\u00e9mie et \u00e0 en informer l&rsquo;opinion publique quotidiennement et de mani\u00e8re r\u00e9guli\u00e8re. L&rsquo;\u00e9pid\u00e9miologiste Pr. Djamel Fourar, Directeur g\u00e9n\u00e9ral de la pr\u00e9vention au minist\u00e8re de la sant\u00e9, a \u00e9t\u00e9 nomm\u00e9 Porte parole officiel de ce nouveau comit\u00e9 scientifique.<\/p>\n<p class=\"c6\">&#8211; Charger le minist\u00e8re des Finances \u00e0 l&rsquo;effet de faciliter les mesures de d\u00e9douanement des produits alimentaires import\u00e9s et d&rsquo;acc\u00e9l\u00e9rer les proc\u00e9dures bancaires y aff\u00e9rentes en fonction de la situation exceptionnelle que traverse le pays.<\/p>\n<p class=\"c7\"><strong>R\u00e9daction Web\/APS<\/strong><\/p>\n<\/div>\n<p>Auteur:<br \/>\n<a href=\"https:\/\/www.liberte-algerie.com\/actualite\/les-nouvelles-mesures-prises-par-tebboune-336228\">Cliquez ici pour lire l&rsquo;article depuis sa source.<\/a><\/p>\n","protected":false},"excerpt":{"rendered":"<p>Le Pr\u00e9sident de la R\u00e9publique, M. Abdelmadjid Tebboune, a pr\u00e9sid\u00e9, jeudi au si\u00e8ge de la Pr\u00e9sidence de la R\u00e9publique, une\u00a0r\u00e9union compl\u00e9mentaire \u00e0 la s\u00e9ance de travail du 17 mars, en pr\u00e9sence du Premier ministre, de nombre de ministres et de chefs d&rsquo;organes s\u00e9curitaires, consacr\u00e9e \u00e0 la propagation du Coronavirus en Alg\u00e9rie, indique un communiqu\u00e9 de [&hellip;]<\/p>\n","protected":false},"author":1742,"featured_media":0,"comment_status":"closed","ping_status":"closed","sticky":false,"template":"","format":"standard","meta":{"fifu_image_url":"","fifu_image_alt":"","footnotes":""},"categories":[73,53],"tags":[],"class_list":["post-79596","post","type-post","status-publish","format-standard","hentry","category-actualite","category-algerie"],"_links":{"self":[{"href":"https:\/\/linitiative.ca\/International\/wp-json\/wp\/v2\/posts\/79596","targetHints":{"allow":["GET"]}}],"collection":[{"href":"https:\/\/linitiative.ca\/International\/wp-json\/wp\/v2\/posts"}],"about":[{"href":"https:\/\/linitiative.ca\/International\/wp-json\/wp\/v2\/types\/post"}],"author":[{"embeddable":true,"href":"https:\/\/linitiative.ca\/International\/wp-json\/wp\/v2\/users\/1742"}],"replies":[{"embeddable":true,"href":"https:\/\/linitiative.ca\/International\/wp-json\/wp\/v2\/comments?post=79596"}],"version-history":[{"count":0,"href":"https:\/\/linitiative.ca\/International\/wp-json\/wp\/v2\/posts\/79596\/revisions"}],"wp:attachment":[{"href":"https:\/\/linitiative.ca\/International\/wp-json\/wp\/v2\/media?parent=79596"}],"wp:term":[{"taxonomy":"category","embeddable":true,"href":"https:\/\/linitiative.ca\/International\/wp-json\/wp\/v2\/categories?post=79596"},{"taxonomy":"post_tag","embeddable":true,"href":"https:\/\/linitiative.ca\/International\/wp-json\/wp\/v2\/tags?post=79596"}],"curies":[{"name":"wp","href":"https:\/\/api.w.org\/{rel}","templated":true}]}}