{"id":79599,"date":"2020-03-20T11:11:00","date_gmt":"2020-03-20T15:11:00","guid":{"rendered":"https:\/\/linitiative.ca\/International\/pluies-orageuses-a-partir-daujourdhui\/"},"modified":"2020-03-20T11:11:00","modified_gmt":"2020-03-20T15:11:00","slug":"pluies-orageuses-a-partir-daujourdhui","status":"publish","type":"post","link":"https:\/\/linitiative.ca\/International\/pluies-orageuses-a-partir-daujourdhui\/","title":{"rendered":"Pluies orageuses \u00e0 partir d&rsquo;aujourd&rsquo;hui"},"content":{"rendered":"<div id=\"originalText\" readability=\"55\">\n<p>Des pluies parfois sous forme d\u2019averses orageuses accompagn\u00e9es localement de chutes de gr\u00eale, sont attendues sur le Sahara central, les Oasis et les Hauts-Plateaux \u00e0 partir de vendredi apr\u00e8s-midi, selon un bulletin m\u00e9t\u00e9o sp\u00e9cial (BMS) \u00e9mis par les services de l&rsquo;Office national de m\u00e9t\u00e9orologie (ONM).<\/p>\n<p>Les wilayas concern\u00e9es sont:\u00a0Laghouat, le\u00a0Nord de Gharda\u00efa, le\u00a0Nord d\u2019Ouargla\u00a0et le\u00a0Sud de Djelfa\u00a0avec des cumuls estim\u00e9s entre 20 et 25 mm\u00a0du vendredi \u00e0 16h00 au samedi \u00e0 9h00.<\/p>\n<p>Des pluies sont attendues \u00e9galement sur les wilayas de Biskra, El Oued, le Sud de M\u2019sila, Batna, Khenchela, T\u00e9bessa et Oum El Bouaghi, du vendredi \u00e0 21h00 au samedi \u00e0 09h00 avec des quantit\u00e9s estim\u00e9es entre 25 et 35 mm.<\/p>\n<p>Des rafales de vent sous orages sont \u00e9galement pr\u00e9vues.<\/p>\n<\/div>\n<div id=\"text_core\" readability=\"55\">\n<p>Des pluies parfois sous forme d\u2019averses orageuses accompagn\u00e9es localement de chutes de gr\u00eale, sont attendues sur le Sahara central, les Oasis et les Hauts-Plateaux \u00e0 partir de vendredi apr\u00e8s-midi, selon un bulletin m\u00e9t\u00e9o sp\u00e9cial (BMS) \u00e9mis par les services de l&rsquo;Office national de m\u00e9t\u00e9orologie (ONM).<\/p>\n<p>Les wilayas concern\u00e9es sont:\u00a0Laghouat, le\u00a0Nord de Gharda\u00efa, le\u00a0Nord d\u2019Ouargla\u00a0et le\u00a0Sud de Djelfa\u00a0avec des cumuls estim\u00e9s entre 20 et 25 mm\u00a0du vendredi \u00e0 16h00 au samedi \u00e0 9h00.<\/p>\n<p>Des pluies sont attendues \u00e9galement sur les wilayas de Biskra, El Oued, le Sud de M\u2019sila, Batna, Khenchela, T\u00e9bessa et Oum El Bouaghi, du vendredi \u00e0 21h00 au samedi \u00e0 09h00 avec des quantit\u00e9s estim\u00e9es entre 25 et 35 mm.<\/p>\n<p>Des rafales de vent sous orages sont \u00e9galement pr\u00e9vues.<\/p>\n<\/div>\n<p>Auteur:<br \/>\n<a href=\"https:\/\/www.liberte-algerie.com\/actualite\/pluies-orageuses-a-partir-daujourdhui-336231\">Cliquez ici pour lire l&rsquo;article depuis sa source.<\/a><\/p>\n","protected":false},"excerpt":{"rendered":"<p>Des pluies parfois sous forme d\u2019averses orageuses accompagn\u00e9es localement de chutes de gr\u00eale, sont attendues sur le Sahara central, les Oasis et les Hauts-Plateaux \u00e0 partir de vendredi apr\u00e8s-midi, selon un bulletin m\u00e9t\u00e9o sp\u00e9cial (BMS) \u00e9mis par les services de l&rsquo;Office national de m\u00e9t\u00e9orologie (ONM). Les wilayas concern\u00e9es sont:\u00a0Laghouat, le\u00a0Nord de Gharda\u00efa, le\u00a0Nord d\u2019Ouargla\u00a0et le\u00a0Sud [&hellip;]<\/p>\n","protected":false},"author":1742,"featured_media":0,"comment_status":"closed","ping_status":"closed","sticky":false,"template":"","format":"standard","meta":{"fifu_image_url":"","fifu_image_alt":"","footnotes":""},"categories":[73,53],"tags":[],"class_list":["post-79599","post","type-post","status-publish","format-standard","hentry","category-actualite","category-algerie"],"_links":{"self":[{"href":"https:\/\/linitiative.ca\/International\/wp-json\/wp\/v2\/posts\/79599","targetHints":{"allow":["GET"]}}],"collection":[{"href":"https:\/\/linitiative.ca\/International\/wp-json\/wp\/v2\/posts"}],"about":[{"href":"https:\/\/linitiative.ca\/International\/wp-json\/wp\/v2\/types\/post"}],"author":[{"embeddable":true,"href":"https:\/\/linitiative.ca\/International\/wp-json\/wp\/v2\/users\/1742"}],"replies":[{"embeddable":true,"href":"https:\/\/linitiative.ca\/International\/wp-json\/wp\/v2\/comments?post=79599"}],"version-history":[{"count":0,"href":"https:\/\/linitiative.ca\/International\/wp-json\/wp\/v2\/posts\/79599\/revisions"}],"wp:attachment":[{"href":"https:\/\/linitiative.ca\/International\/wp-json\/wp\/v2\/media?parent=79599"}],"wp:term":[{"taxonomy":"category","embeddable":true,"href":"https:\/\/linitiative.ca\/International\/wp-json\/wp\/v2\/categories?post=79599"},{"taxonomy":"post_tag","embeddable":true,"href":"https:\/\/linitiative.ca\/International\/wp-json\/wp\/v2\/tags?post=79599"}],"curies":[{"name":"wp","href":"https:\/\/api.w.org\/{rel}","templated":true}]}}