{"id":79603,"date":"2020-03-20T12:00:22","date_gmt":"2020-03-20T16:00:22","guid":{"rendered":"https:\/\/linitiative.ca\/International\/mostaganem-278-passagers-algeriens-venus-de-france-mis-en-quarantaine\/"},"modified":"2020-03-20T12:00:22","modified_gmt":"2020-03-20T16:00:22","slug":"mostaganem-278-passagers-algeriens-venus-de-france-mis-en-quarantaine","status":"publish","type":"post","link":"https:\/\/linitiative.ca\/International\/mostaganem-278-passagers-algeriens-venus-de-france-mis-en-quarantaine\/","title":{"rendered":"Mostaganem: 278 passagers alg\u00e9riens venus de France mis en quarantaine"},"content":{"rendered":"<div readability=\"37\">\n<p><strong>MOSTAGANEM &#8211; Deux cent soixante-dix-huit (278) citoyens alg\u00e9riens venus de France ont \u00e9t\u00e9 mis en quarantaine dans la wilaya de Mostaganem, a-t-on appris, vendredi, de la direction de la Sant\u00e9 et de la Population de la wilaya.<\/strong><\/p>\n<\/div>\n<div readability=\"65.2168141593\">\n<p>\u00ab\u00a0Arriv\u00e9s \u00e0 l&rsquo;a\u00e9roport international d&rsquo;Oran dans la matin\u00e9e du vendredi \u00e0 bord de deux avions en provenance de Lyon et de Marseille, les 278 passagers ont \u00e9t\u00e9 mis en quarantaine au niveau de deux \u00e9tablissements h\u00f4teliers priv\u00e9s dans la zone d&rsquo;expansion touristique (ZET) \u00ab\u00a0Les Sablettes\u00a0\u00bb \u00e0 la commune de Mazagran (Mostaganem Ouest).<\/p>\n<p>\u00ab\u00a0Dans ce cadre, une quarantaine de personnes ont \u00e9t\u00e9 mobilis\u00e9es parmi le personnel m\u00e9dical et param\u00e9dical et les agents administratifs pour assurer la surveillance et les soins m\u00e9dicaux des citoyens mis en quarantaine pendant 14 jours\u00a0\u00bb, a ajout\u00e9 la m\u00eame source.<\/p>\n<p>Trois ambulances et une clinique mobile avec des m\u00e9decins sp\u00e9cialistes en m\u00e9decine interne, r\u00e9animation et maladies infectieuses ont \u00e9t\u00e9 \u00e9galement mobilis\u00e9es pour suivre l&rsquo;\u00e9tat des voyageurs mis en quarantaines dont des personnes \u00e2g\u00e9es et des enfants issus de plusieurs wilayas, selon la m\u00eame direction.<\/p>\n<hr\/>\n<h3>Lire aussi:\u00a0<a href=\"http:\/\/www.aps.dz\/regions\/103265-el-tarf-confinement-sanitaire-pour-438-voyageurs-en-provenance-de-tunisie\" target=\"_blank\" rel=\"noopener noreferrer\">El Tarf: confinement sanitaire pour 438 voyageurs en provenance de Tunisie<\/a><\/h3>\n<hr\/>\n<p>A leur arriv\u00e9e \u00e0 l&rsquo;a\u00e9roport international d&rsquo;Oran, les Alg\u00e9riens venus de France ont \u00e9t\u00e9 directement transf\u00e9r\u00e9s aux deux structures h\u00f4teli\u00e8res pour leur isolement, \u00e0 bord de 20 bus assur\u00e9s \u00e0 cet effet par les services de la wilaya, a affirm\u00e9 la direction locale des Transports.<\/p>\n<p>A rappeler que le groupe h\u00f4telier AZ, Al-Mountazah et Al-Mansour Palace et Zohor (Mostaganem) avaient mis leurs \u00e9tablissements \u00e0 la disposition des autorit\u00e9s locales pour le placement en quarantaine des citoyens, en cas de besoin, a-t-on appris de la direction locale du Tourisme.<\/p>\n<p>Selon les m\u00eames sources, une troisi\u00e8me vague de passagers alg\u00e9riens qui arriveront du Royaume-Uni sur le prochain vol Londres-Oran seront plac\u00e9s en quarantaine au niveau de l&rsquo;un des h\u00f4tels situ\u00e9s aux Sablettes.<\/p>\n<\/div>\n<p>Auteur:<br \/>\n<a href=\"http:\/\/www.aps.dz\/regions\/103269-mostaganem-278-passagers-algeriens-venus-de-france-mis-en-quarantaine\">Cliquez ici pour lire l&rsquo;article depuis sa source.<\/a><\/p>\n","protected":false},"excerpt":{"rendered":"<p>MOSTAGANEM &#8211; Deux cent soixante-dix-huit (278) citoyens alg\u00e9riens venus de France ont \u00e9t\u00e9 mis en quarantaine dans la wilaya de Mostaganem, a-t-on appris, vendredi, de la direction de la Sant\u00e9 et de la Population de la wilaya. \u00ab\u00a0Arriv\u00e9s \u00e0 l&rsquo;a\u00e9roport international d&rsquo;Oran dans la matin\u00e9e du vendredi \u00e0 bord de deux avions en provenance de [&hellip;]<\/p>\n","protected":false},"author":1790,"featured_media":0,"comment_status":"closed","ping_status":"closed","sticky":false,"template":"","format":"standard","meta":{"fifu_image_url":"","fifu_image_alt":"","footnotes":""},"categories":[53,76],"tags":[],"class_list":["post-79603","post","type-post","status-publish","format-standard","hentry","category-algerie","category-regions"],"_links":{"self":[{"href":"https:\/\/linitiative.ca\/International\/wp-json\/wp\/v2\/posts\/79603","targetHints":{"allow":["GET"]}}],"collection":[{"href":"https:\/\/linitiative.ca\/International\/wp-json\/wp\/v2\/posts"}],"about":[{"href":"https:\/\/linitiative.ca\/International\/wp-json\/wp\/v2\/types\/post"}],"author":[{"embeddable":true,"href":"https:\/\/linitiative.ca\/International\/wp-json\/wp\/v2\/users\/1790"}],"replies":[{"embeddable":true,"href":"https:\/\/linitiative.ca\/International\/wp-json\/wp\/v2\/comments?post=79603"}],"version-history":[{"count":0,"href":"https:\/\/linitiative.ca\/International\/wp-json\/wp\/v2\/posts\/79603\/revisions"}],"wp:attachment":[{"href":"https:\/\/linitiative.ca\/International\/wp-json\/wp\/v2\/media?parent=79603"}],"wp:term":[{"taxonomy":"category","embeddable":true,"href":"https:\/\/linitiative.ca\/International\/wp-json\/wp\/v2\/categories?post=79603"},{"taxonomy":"post_tag","embeddable":true,"href":"https:\/\/linitiative.ca\/International\/wp-json\/wp\/v2\/tags?post=79603"}],"curies":[{"name":"wp","href":"https:\/\/api.w.org\/{rel}","templated":true}]}}