{"id":79605,"date":"2020-03-19T18:24:46","date_gmt":"2020-03-19T22:24:46","guid":{"rendered":"https:\/\/linitiative.ca\/International\/covid-19-les-dg-des-agences-de-developpement-contribuent-au-fonds-special\/"},"modified":"2020-03-19T18:24:46","modified_gmt":"2020-03-19T22:24:46","slug":"covid-19-les-dg-des-agences-de-developpement-contribuent-au-fonds-special","status":"publish","type":"post","link":"https:\/\/linitiative.ca\/International\/covid-19-les-dg-des-agences-de-developpement-contribuent-au-fonds-special\/","title":{"rendered":"Covid-19: Les DG des Agences de D\u00e9veloppement contribuent au Fonds sp\u00e9cial"},"content":{"rendered":"<p class=\"c5\">Les Directeurs G\u00e9n\u00e9raux (DG) des Agences de D\u00e9veloppement de l\u2019Oriental, du Nord et du Sud font don d\u2019un mois de leur salaire au Fonds sp\u00e9cial d\u00e9di\u00e9 \u00e0 la gestion de la pand\u00e9mie du Coronavirus (Covid-19).<\/p>\n<p class=\"c5\">\u00ab\u00a0Les trois Directeurs g\u00e9n\u00e9raux ont d\u00e9cid\u00e9 de contribuer \u00e0 l\u2019\u00e9lan national de solidarit\u00e9 en consacrant un mois de salaire au profit du Fonds\u00a0\u00bb, lit-on dans un communiqu\u00e9 conjoint des trois Agences de D\u00e9veloppement.<\/p>\n<p class=\"c5\">Cette initiative s\u2019inscrit dans le cadre de la mobilisation nationale pour lutter contre la propagation du nouveau coronavirus, et en application des Hautes instructions Royales pour la cr\u00e9ation d\u2019un Fonds sp\u00e9cial de solidarit\u00e9 pour la gestion de cette pand\u00e9mie, note la m\u00eame source.<\/p>\n<p class=\"c5\">Sa Majest\u00e9 le Roi Mohammed VI avait donn\u00e9 Ses Hautes Instructions au gouvernement pour proc\u00e9der \u00e0 la cr\u00e9ation imm\u00e9diate d\u2019un Fonds sp\u00e9cial d\u00e9di\u00e9 \u00e0 la gestion de la pand\u00e9mie du coronavirus, rappelle-t-on.<\/p>\n<p class=\"c5\">Ce fonds, dot\u00e9 de 10 milliards de dirhams, sera r\u00e9serv\u00e9, d\u2019une part, \u00e0 la prise en charge des d\u00e9penses de mise \u00e0 niveau du dispositif m\u00e9dical, en termes d\u2019infrastructures adapt\u00e9es et de moyens suppl\u00e9mentaires \u00e0 acqu\u00e9rir, dans l\u2019urgence.<\/p>\n<p class=\"c5\">Il servira, d\u2019autre part, au soutien de l\u2019\u00e9conomie nationale, \u00e0 travers une batterie de mesures qui seront propos\u00e9es par le gouvernement, notamment en termes d\u2019accompagnement des secteurs vuln\u00e9rables aux chocs induits par la crise du coronavirus, tels que le tourisme, ainsi qu\u2019en mati\u00e8re de pr\u00e9servation des emplois et d\u2019att\u00e9nuation des r\u00e9percussions sociales de cette crise.<\/p>\n<p>Auteur: Soufiane ELAHMAR<br \/>\n<a href=\"http:\/\/www.mapoujda.ma\/fr\/covid-19-les-dg-des-agences-de-developpement-contribuent-au-fonds-special\/\">Cliquez ici pour lire l&rsquo;article depuis sa source.<\/a><\/p>\n","protected":false},"excerpt":{"rendered":"<p>Les Directeurs G\u00e9n\u00e9raux (DG) des Agences de D\u00e9veloppement de l\u2019Oriental, du Nord et du Sud font don d\u2019un mois de leur salaire au Fonds sp\u00e9cial d\u00e9di\u00e9 \u00e0 la gestion de la pand\u00e9mie du Coronavirus (Covid-19). \u00ab\u00a0Les trois Directeurs g\u00e9n\u00e9raux ont d\u00e9cid\u00e9 de contribuer \u00e0 l\u2019\u00e9lan national de solidarit\u00e9 en consacrant un mois de salaire au [&hellip;]<\/p>\n","protected":false},"author":1788,"featured_media":0,"comment_status":"closed","ping_status":"closed","sticky":false,"template":"","format":"standard","meta":{"fifu_image_url":"","fifu_image_alt":"","footnotes":""},"categories":[54,76],"tags":[],"class_list":["post-79605","post","type-post","status-publish","format-standard","hentry","category-maroc","category-regions"],"_links":{"self":[{"href":"https:\/\/linitiative.ca\/International\/wp-json\/wp\/v2\/posts\/79605","targetHints":{"allow":["GET"]}}],"collection":[{"href":"https:\/\/linitiative.ca\/International\/wp-json\/wp\/v2\/posts"}],"about":[{"href":"https:\/\/linitiative.ca\/International\/wp-json\/wp\/v2\/types\/post"}],"author":[{"embeddable":true,"href":"https:\/\/linitiative.ca\/International\/wp-json\/wp\/v2\/users\/1788"}],"replies":[{"embeddable":true,"href":"https:\/\/linitiative.ca\/International\/wp-json\/wp\/v2\/comments?post=79605"}],"version-history":[{"count":0,"href":"https:\/\/linitiative.ca\/International\/wp-json\/wp\/v2\/posts\/79605\/revisions"}],"wp:attachment":[{"href":"https:\/\/linitiative.ca\/International\/wp-json\/wp\/v2\/media?parent=79605"}],"wp:term":[{"taxonomy":"category","embeddable":true,"href":"https:\/\/linitiative.ca\/International\/wp-json\/wp\/v2\/categories?post=79605"},{"taxonomy":"post_tag","embeddable":true,"href":"https:\/\/linitiative.ca\/International\/wp-json\/wp\/v2\/tags?post=79605"}],"curies":[{"name":"wp","href":"https:\/\/api.w.org\/{rel}","templated":true}]}}