{"id":79606,"date":"2020-03-19T18:56:14","date_gmt":"2020-03-19T22:56:14","guid":{"rendered":"https:\/\/linitiative.ca\/International\/covid-19-63-cas-confirmes-au-maroc-dont-2-deces-et-2-guerisons\/"},"modified":"2020-03-19T18:56:14","modified_gmt":"2020-03-19T22:56:14","slug":"covid-19-63-cas-confirmes-au-maroc-dont-2-deces-et-2-guerisons","status":"publish","type":"post","link":"https:\/\/linitiative.ca\/International\/covid-19-63-cas-confirmes-au-maroc-dont-2-deces-et-2-guerisons\/","title":{"rendered":"Covid-19: 63 cas confirm\u00e9s au Maroc, dont 2 d\u00e9c\u00e8s et 2 gu\u00e9risons"},"content":{"rendered":"<div class=\"single-featured\"><img alt=\"\" data-src=\"http:\/\/www.mapoujda.ma\/map\/uploads\/2020\/03\/Minist&#xE8;re-de-la-Sant&#xE9;-Marocaine-M750&#xD7;430-MAP-1.jpg\"\/><\/div>\n<div class=\"entry-content clearfix single-post-content single-post-excerpt post-excerpt-bc\" readability=\"44\">\n<p class=\"c5\">Soixante-trois (63) cas confirm\u00e9s de contamination au nouveau coronavirus (Covid-19) ont \u00e9t\u00e9 recens\u00e9s au Maroc jusqu\u2019\u00e0 pr\u00e9sent, annonce jeudi le minist\u00e8re de la Sant\u00e9 sur son site \u00ab\u00a0www.covidmaroc.ma\u00a0\u00bb.<\/p>\n<p class=\"c5\">Sur ce nombre total, le minist\u00e8re fait \u00e9tat de deux d\u00e9c\u00e8s et deux gu\u00e9risons, ajoutant que les cas exclus suite \u00e0 un r\u00e9sultat n\u00e9gatif du laboratoire sont au nombre de 307.<\/p>\n<p class=\"c5\">Le minist\u00e8re invite les citoyennes et les citoyens \u00e0 respecter les r\u00e8gles d\u2019hygi\u00e8ne et de s\u00e9curit\u00e9 sanitaire ainsi que les mesures pr\u00e9ventives prises par les autorit\u00e9s marocaines en faisant preuve de responsabilit\u00e9 et de patriotisme.<\/p>\n<\/div>\n<p>Auteur: Soufiane ELAHMAR<br \/>\n<a href=\"http:\/\/www.mapoujda.ma\/fr\/covid-19-63-cas-confirmes-au-maroc-dont-2-deces-et-2-guerisons\/\">Cliquez ici pour lire l&rsquo;article depuis sa source.<\/a><\/p>\n","protected":false},"excerpt":{"rendered":"<p>Soixante-trois (63) cas confirm\u00e9s de contamination au nouveau coronavirus (Covid-19) ont \u00e9t\u00e9 recens\u00e9s au Maroc jusqu\u2019\u00e0 pr\u00e9sent, annonce jeudi le minist\u00e8re de la Sant\u00e9 sur son site \u00ab\u00a0www.covidmaroc.ma\u00a0\u00bb. Sur ce nombre total, le minist\u00e8re fait \u00e9tat de deux d\u00e9c\u00e8s et deux gu\u00e9risons, ajoutant que les cas exclus suite \u00e0 un r\u00e9sultat n\u00e9gatif du laboratoire sont [&hellip;]<\/p>\n","protected":false},"author":1788,"featured_media":79607,"comment_status":"closed","ping_status":"closed","sticky":false,"template":"","format":"standard","meta":{"fifu_image_url":"","fifu_image_alt":"","footnotes":""},"categories":[54,76],"tags":[],"class_list":["post-79606","post","type-post","status-publish","format-standard","has-post-thumbnail","hentry","category-maroc","category-regions"],"_links":{"self":[{"href":"https:\/\/linitiative.ca\/International\/wp-json\/wp\/v2\/posts\/79606","targetHints":{"allow":["GET"]}}],"collection":[{"href":"https:\/\/linitiative.ca\/International\/wp-json\/wp\/v2\/posts"}],"about":[{"href":"https:\/\/linitiative.ca\/International\/wp-json\/wp\/v2\/types\/post"}],"author":[{"embeddable":true,"href":"https:\/\/linitiative.ca\/International\/wp-json\/wp\/v2\/users\/1788"}],"replies":[{"embeddable":true,"href":"https:\/\/linitiative.ca\/International\/wp-json\/wp\/v2\/comments?post=79606"}],"version-history":[{"count":0,"href":"https:\/\/linitiative.ca\/International\/wp-json\/wp\/v2\/posts\/79606\/revisions"}],"wp:featuredmedia":[{"embeddable":true,"href":"https:\/\/linitiative.ca\/International\/wp-json\/"}],"wp:attachment":[{"href":"https:\/\/linitiative.ca\/International\/wp-json\/wp\/v2\/media?parent=79606"}],"wp:term":[{"taxonomy":"category","embeddable":true,"href":"https:\/\/linitiative.ca\/International\/wp-json\/wp\/v2\/categories?post=79606"},{"taxonomy":"post_tag","embeddable":true,"href":"https:\/\/linitiative.ca\/International\/wp-json\/wp\/v2\/tags?post=79606"}],"curies":[{"name":"wp","href":"https:\/\/api.w.org\/{rel}","templated":true}]}}