{"id":79608,"date":"2020-03-20T09:21:11","date_gmt":"2020-03-20T13:21:11","guid":{"rendered":"https:\/\/linitiative.ca\/International\/covid-19-trois-nouveaux-cas-confirmes-au-maroc-66-au-total\/"},"modified":"2020-03-20T09:21:11","modified_gmt":"2020-03-20T13:21:11","slug":"covid-19-trois-nouveaux-cas-confirmes-au-maroc-66-au-total","status":"publish","type":"post","link":"https:\/\/linitiative.ca\/International\/covid-19-trois-nouveaux-cas-confirmes-au-maroc-66-au-total\/","title":{"rendered":"Covid-19: Trois nouveaux cas confirm\u00e9s au Maroc, 66 au total"},"content":{"rendered":"<div class=\"single-featured\"><img alt=\"\" data-src=\"http:\/\/www.mapoujda.ma\/map\/uploads\/2020\/02\/Minist&#xE8;re-de-la-sant&#xE9;-M750&#xD7;430-MAP.jpg\"\/><\/div>\n<div class=\"entry-content clearfix single-post-content single-post-excerpt post-excerpt-bc\" readability=\"52\">\n<p>Trois nouveaux cas confirm\u00e9s de contamination au nouveau coronavirus (Covid-19) ont \u00e9t\u00e9 enregistr\u00e9s au Maroc, portant \u00e0 66 le nombre total des cas confirm\u00e9s dans le Royaume jusqu\u2019\u00e0 pr\u00e9sent, annonce le minist\u00e8re de la Sant\u00e9 sur son site \u00ab\u00a0www.covidmaroc.ma\u00a0\u00bb.<\/p>\n<p>Ces cas sont actuellement sous assistance m\u00e9dicale \u00e0 l\u2019h\u00f4pital o\u00f9 ils sont pris en charge conform\u00e9ment aux mesures sanitaires en vigueur, indique le minist\u00e8re, faisant savoir que les cas exclus suite \u00e0 un r\u00e9sultat n\u00e9gatif du laboratoire sont au nombre de 321.<\/p>\n<p>Le minist\u00e8re fait \u00e9galement \u00e9tat d\u2019un autre cas de d\u00e9c\u00e8s, portant le nombre \u00e0 trois, jusqu\u2019\u00e0 pr\u00e9sent, rappelant que deux est le nombre de gu\u00e9risons enregistr\u00e9es.<\/p>\n<p>Le minist\u00e8re de la Sant\u00e9 invite les citoyennes et les citoyens \u00e0 respecter les r\u00e8gles d\u2019hygi\u00e8ne et de s\u00e9curit\u00e9 sanitaire ainsi que les mesures pr\u00e9ventives prises par les autorit\u00e9s marocaines en faisant preuve de responsabilit\u00e9 et de patriotisme.<\/p>\n<\/div>\n<p>Auteur: Soufiane ELAHMAR<br \/>\n<a href=\"http:\/\/www.mapoujda.ma\/fr\/covid-19-trois-nouveaux-cas-confirmes-au-maroc-66-au-total\/\">Cliquez ici pour lire l&rsquo;article depuis sa source.<\/a><\/p>\n","protected":false},"excerpt":{"rendered":"<p>Trois nouveaux cas confirm\u00e9s de contamination au nouveau coronavirus (Covid-19) ont \u00e9t\u00e9 enregistr\u00e9s au Maroc, portant \u00e0 66 le nombre total des cas confirm\u00e9s dans le Royaume jusqu\u2019\u00e0 pr\u00e9sent, annonce le minist\u00e8re de la Sant\u00e9 sur son site \u00ab\u00a0www.covidmaroc.ma\u00a0\u00bb. Ces cas sont actuellement sous assistance m\u00e9dicale \u00e0 l\u2019h\u00f4pital o\u00f9 ils sont pris en charge conform\u00e9ment [&hellip;]<\/p>\n","protected":false},"author":1788,"featured_media":79609,"comment_status":"closed","ping_status":"closed","sticky":false,"template":"","format":"standard","meta":{"fifu_image_url":"","fifu_image_alt":"","footnotes":""},"categories":[54,76],"tags":[],"class_list":["post-79608","post","type-post","status-publish","format-standard","has-post-thumbnail","hentry","category-maroc","category-regions"],"_links":{"self":[{"href":"https:\/\/linitiative.ca\/International\/wp-json\/wp\/v2\/posts\/79608","targetHints":{"allow":["GET"]}}],"collection":[{"href":"https:\/\/linitiative.ca\/International\/wp-json\/wp\/v2\/posts"}],"about":[{"href":"https:\/\/linitiative.ca\/International\/wp-json\/wp\/v2\/types\/post"}],"author":[{"embeddable":true,"href":"https:\/\/linitiative.ca\/International\/wp-json\/wp\/v2\/users\/1788"}],"replies":[{"embeddable":true,"href":"https:\/\/linitiative.ca\/International\/wp-json\/wp\/v2\/comments?post=79608"}],"version-history":[{"count":0,"href":"https:\/\/linitiative.ca\/International\/wp-json\/wp\/v2\/posts\/79608\/revisions"}],"wp:featuredmedia":[{"embeddable":true,"href":"https:\/\/linitiative.ca\/International\/wp-json\/"}],"wp:attachment":[{"href":"https:\/\/linitiative.ca\/International\/wp-json\/wp\/v2\/media?parent=79608"}],"wp:term":[{"taxonomy":"category","embeddable":true,"href":"https:\/\/linitiative.ca\/International\/wp-json\/wp\/v2\/categories?post=79608"},{"taxonomy":"post_tag","embeddable":true,"href":"https:\/\/linitiative.ca\/International\/wp-json\/wp\/v2\/tags?post=79608"}],"curies":[{"name":"wp","href":"https:\/\/api.w.org\/{rel}","templated":true}]}}