{"id":79610,"date":"2020-03-20T10:25:13","date_gmt":"2020-03-20T14:25:13","guid":{"rendered":"https:\/\/linitiative.ca\/International\/lattestation-exceptionnelle-de-circulation-sera-distribuee-a-tous-les-domiciles\/"},"modified":"2020-03-20T10:25:13","modified_gmt":"2020-03-20T14:25:13","slug":"lattestation-exceptionnelle-de-circulation-sera-distribuee-a-tous-les-domiciles","status":"publish","type":"post","link":"https:\/\/linitiative.ca\/International\/lattestation-exceptionnelle-de-circulation-sera-distribuee-a-tous-les-domiciles\/","title":{"rendered":"L\u2019attestation exceptionnelle de circulation sera distribu\u00e9e \u00e0 tous les domiciles"},"content":{"rendered":"<div class=\"single-featured\"><img alt=\"\" data-src=\"http:\/\/www.mapoujda.ma\/map\/uploads\/2020\/03\/etat-durgence-copier.jpg\"\/><\/div>\n<div class=\"entry-content clearfix single-post-content\" readability=\"55\">\n<p class=\"c5\">Les agents et auxiliaires de l\u2019autorit\u00e9 proc\u00e8deront \u00e0 la distribution de \u00ab\u00a0l\u2019attestation exceptionnelle de circulation\u00a0\u00bb \u00e0 tous les domiciles du Royaume, dans le cadre de \u00ab\u00a0l\u2019\u00e9tat d\u2019urgence sanitaire\u00a0\u00bb et la restriction de la circulation d\u00e9clar\u00e9e \u00e0 partir de ce vendredi \u00e0 18h00, a affirm\u00e9 le minist\u00e8re de l\u2019Int\u00e9rieur.<\/p>\n<p class=\"c5\">Dans une d\u00e9claration \u00e0 la presse, le gouverneur Laaroussi Baloua, directeur de la s\u00e9curit\u00e9 et de la documentation au minist\u00e8re de l\u2019Int\u00e9rieur, a soulign\u00e9 qu&rsquo;\u00a0\u00bb\u00e0 partir du vendredi matin, il est proc\u00e9d\u00e9 \u00e0 la distribution de cette attestation aupr\u00e8s de toutes les maisons par les agents et auxiliaires de l\u2019autorit\u00e9\u00a0\u00bb.<\/p>\n<p class=\"c5\">Il a affirm\u00e9 que tous les citoyens sont appel\u00e9s \u00e0 pr\u00e9senter ce document aux agents charg\u00e9s du contr\u00f4le qui seront d\u00e9ploy\u00e9s dans les diff\u00e9rentes rues et avenues.<\/p>\n<p class=\"c5\">Le minist\u00e8re de l\u2019Int\u00e9rieur, a-t-il dit, a pris toutes les mesures n\u00e9cessaires pour assurer le bon d\u00e9roulement de l\u2019op\u00e9ration de distribution, dans les d\u00e9lais impartis.<\/p>\n<\/div>\n<p>Auteur: Soufiane ELAHMAR<br \/>\n<a href=\"http:\/\/www.mapoujda.ma\/fr\/lattestation-exceptionnelle-de-circulation-sera-distribuee-a-tous-les-domiciles\/\">Cliquez ici pour lire l&rsquo;article depuis sa source.<\/a><\/p>\n","protected":false},"excerpt":{"rendered":"<p>Les agents et auxiliaires de l\u2019autorit\u00e9 proc\u00e8deront \u00e0 la distribution de \u00ab\u00a0l\u2019attestation exceptionnelle de circulation\u00a0\u00bb \u00e0 tous les domiciles du Royaume, dans le cadre de \u00ab\u00a0l\u2019\u00e9tat d\u2019urgence sanitaire\u00a0\u00bb et la restriction de la circulation d\u00e9clar\u00e9e \u00e0 partir de ce vendredi \u00e0 18h00, a affirm\u00e9 le minist\u00e8re de l\u2019Int\u00e9rieur. Dans une d\u00e9claration \u00e0 la presse, le [&hellip;]<\/p>\n","protected":false},"author":1788,"featured_media":79611,"comment_status":"closed","ping_status":"closed","sticky":false,"template":"","format":"standard","meta":{"fifu_image_url":"","fifu_image_alt":"","footnotes":""},"categories":[54,76],"tags":[],"class_list":["post-79610","post","type-post","status-publish","format-standard","has-post-thumbnail","hentry","category-maroc","category-regions"],"_links":{"self":[{"href":"https:\/\/linitiative.ca\/International\/wp-json\/wp\/v2\/posts\/79610","targetHints":{"allow":["GET"]}}],"collection":[{"href":"https:\/\/linitiative.ca\/International\/wp-json\/wp\/v2\/posts"}],"about":[{"href":"https:\/\/linitiative.ca\/International\/wp-json\/wp\/v2\/types\/post"}],"author":[{"embeddable":true,"href":"https:\/\/linitiative.ca\/International\/wp-json\/wp\/v2\/users\/1788"}],"replies":[{"embeddable":true,"href":"https:\/\/linitiative.ca\/International\/wp-json\/wp\/v2\/comments?post=79610"}],"version-history":[{"count":0,"href":"https:\/\/linitiative.ca\/International\/wp-json\/wp\/v2\/posts\/79610\/revisions"}],"wp:featuredmedia":[{"embeddable":true,"href":"https:\/\/linitiative.ca\/International\/wp-json\/"}],"wp:attachment":[{"href":"https:\/\/linitiative.ca\/International\/wp-json\/wp\/v2\/media?parent=79610"}],"wp:term":[{"taxonomy":"category","embeddable":true,"href":"https:\/\/linitiative.ca\/International\/wp-json\/wp\/v2\/categories?post=79610"},{"taxonomy":"post_tag","embeddable":true,"href":"https:\/\/linitiative.ca\/International\/wp-json\/wp\/v2\/tags?post=79610"}],"curies":[{"name":"wp","href":"https:\/\/api.w.org\/{rel}","templated":true}]}}