{"id":79614,"date":"2020-03-20T05:20:00","date_gmt":"2020-03-20T09:20:00","guid":{"rendered":"https:\/\/linitiative.ca\/International\/echeances-de-mars-la-dgi-sort-sa-calculette\/"},"modified":"2020-03-20T05:20:00","modified_gmt":"2020-03-20T09:20:00","slug":"echeances-de-mars-la-dgi-sort-sa-calculette","status":"publish","type":"post","link":"https:\/\/linitiative.ca\/International\/echeances-de-mars-la-dgi-sort-sa-calculette\/","title":{"rendered":"Ech\u00e9ances de mars: La DGI sort sa calculette"},"content":{"rendered":"<div class=\"body\">\n<div class=\"field field-name-body field-type-text-with-summary field-label-hidden\">\n<div class=\"field-items\" readability=\"10\">\n<div class=\"field-item even\" property=\"content:encoded\" readability=\"15\">\n<p>La r\u00e9union, tenue hier mercredi 18 mars \u00e0 la Chambre de repr\u00e9sentants, entre le minist\u00e8re des Finances, la DGI et la CGEM, n\u2019a pas d\u00e9bouch\u00e9 sur le report de l\u2019\u00e9ch\u00e9ance fiscale du mois de mars. L\u2019administration est en train d\u2019\u00e9valuer l\u2019impact sur les recettes du Tr\u00e9sor. La d\u00e9cision devrait \u00eatre tranch\u00e9e ce jeudi 19 mars. Selon les sc\u00e9narios envisag\u00e9s, les soci\u00e9t\u00e9s (1%) qui contribuent pour 80% des recettes et qui le souhaitent pourraient \u00eatre impos\u00e9es sur la base de l\u2019IS pay\u00e9 au titre de l\u2019exercice 2018. Les autres soci\u00e9t\u00e9s (99% des structures soumises \u00e0 l\u2019IS) pourraient b\u00e9n\u00e9ficier d\u2019un report. La nouvelle \u00e9ch\u00e9ance serait de 15 jours apr\u00e8s la fin de l\u2019alerte.<\/p>\n<p><em>H.E.<\/em><\/p>\n<\/div>\n<\/div>\n<\/div>\n<\/div>\n<div class=\"eco-conseil\">\n<div class=\"view view-eco-conseil-16 view-id-eco_conseil_16 view-display-id-cookies view-dom-id-8ddc7461cea6ba801461b94f3c48219b\">\n<div class=\"view-content\">\n<div id=\"views-bootstrap-grid-1\" class=\"views-bootstrap-grid-plugin-style\">\n<div class=\"row\">\n<div class=\" col-xs-12 col-lg-4\">\n<div class=\"row\">\n<div class=\"col col-xs-12 col-lg-12\">\n<div class=\"field-content\"><a href=\"\/article\/1059021-fake-news-authentifiez-vos-communiques-s-il-vous-plait\"><img loading=\"lazy\" decoding=\"async\" class=\"img-responsive\" typeof=\"foaf:Image\" src=\"https:\/\/www.leconomiste.com\/sites\/default\/files\/eco7\/public\/styles\/800x400\/public\/default_images\/default_une.jpg?itok=4jZlgnIZ\" width=\"660\" height=\"330\" alt=\"\"\/><\/a><\/div>\n<\/div>\n<div class=\" title_suite_2 col col-xs-12 col-lg-12\"> <a href=\"\/article\/1059021-fake-news-authentifiez-vos-communiques-s-il-vous-plait\"\/><span class=\"field-content\">Fake news: Authentifiez vos communiqu\u00e9s s\u2019il vous pla\u00eet!<\/span><\/div>\n<\/div>\n<\/div>\n<div class=\" col-xs-12 col-lg-4\">\n<div class=\"row\">\n<div class=\"col col-xs-12 col-lg-12\">\n<div class=\"field-content\"><a href=\"\/article\/1059020-coronavirus-le-canadien-medicago-annonce-un-vaccin-potentiel\"><img loading=\"lazy\" decoding=\"async\" class=\"img-responsive\" typeof=\"foaf:Image\" src=\"https:\/\/www.leconomiste.com\/sites\/default\/files\/eco7\/public\/styles\/800x400\/public\/default_images\/default_une.jpg?itok=4jZlgnIZ\" width=\"660\" height=\"330\" alt=\"\"\/><\/a><\/div>\n<\/div>\n<div class=\" title_suite_2 col col-xs-12 col-lg-12\"> <a href=\"\/article\/1059020-coronavirus-le-canadien-medicago-annonce-un-vaccin-potentiel\"\/><span class=\"field-content\">Coronavirus: Le canadien Medicago annonce un vaccin potentiel<\/span><\/div>\n<\/div>\n<\/div>\n<div class=\" col-xs-12 col-lg-4\">\n<div class=\"row\">\n<div class=\"col col-xs-12 col-lg-12\">\n<div class=\"field-content\"><a href=\"\/article\/1059018-buzzeff-devient-teads-north-africa\"><img loading=\"lazy\" decoding=\"async\" class=\"img-responsive\" typeof=\"foaf:Image\" src=\"https:\/\/www.leconomiste.com\/sites\/default\/files\/eco7\/public\/styles\/800x400\/public\/default_images\/default_une.jpg?itok=4jZlgnIZ\" width=\"660\" height=\"330\" alt=\"\"\/><\/a><\/div>\n<\/div>\n<div class=\" title_suite_2 col col-xs-12 col-lg-12\"> <a href=\"\/article\/1059018-buzzeff-devient-teads-north-africa\"\/><span class=\"field-content\">Buzzeff devient Teads North Africa<\/span><\/div>\n<\/div>\n<\/div>\n<\/div>\n<\/div>\n<\/div>\n<\/div>\n<\/div>\n<p>Auteur: hlafriqi<br \/>\n<a href=\"https:\/\/www.leconomiste.com\/article\/1059014-echeances-de-mars-la-dgi-sort-sa-calculette\">Cliquez ici pour lire l&rsquo;article depuis sa source.<\/a><\/p>\n","protected":false},"excerpt":{"rendered":"<p>La r\u00e9union, tenue hier mercredi 18 mars \u00e0 la Chambre de repr\u00e9sentants, entre le minist\u00e8re des Finances, la DGI et la CGEM, n\u2019a pas d\u00e9bouch\u00e9 sur le report de l\u2019\u00e9ch\u00e9ance fiscale du mois de mars. L\u2019administration est en train d\u2019\u00e9valuer l\u2019impact sur les recettes du Tr\u00e9sor. La d\u00e9cision devrait \u00eatre tranch\u00e9e ce jeudi 19 mars. [&hellip;]<\/p>\n","protected":false},"author":1763,"featured_media":0,"comment_status":"closed","ping_status":"closed","sticky":false,"template":"","format":"standard","meta":{"fifu_image_url":"","fifu_image_alt":"","footnotes":""},"categories":[78,54],"tags":[],"class_list":["post-79614","post","type-post","status-publish","format-standard","hentry","category-economie","category-maroc"],"_links":{"self":[{"href":"https:\/\/linitiative.ca\/International\/wp-json\/wp\/v2\/posts\/79614","targetHints":{"allow":["GET"]}}],"collection":[{"href":"https:\/\/linitiative.ca\/International\/wp-json\/wp\/v2\/posts"}],"about":[{"href":"https:\/\/linitiative.ca\/International\/wp-json\/wp\/v2\/types\/post"}],"author":[{"embeddable":true,"href":"https:\/\/linitiative.ca\/International\/wp-json\/wp\/v2\/users\/1763"}],"replies":[{"embeddable":true,"href":"https:\/\/linitiative.ca\/International\/wp-json\/wp\/v2\/comments?post=79614"}],"version-history":[{"count":0,"href":"https:\/\/linitiative.ca\/International\/wp-json\/wp\/v2\/posts\/79614\/revisions"}],"wp:attachment":[{"href":"https:\/\/linitiative.ca\/International\/wp-json\/wp\/v2\/media?parent=79614"}],"wp:term":[{"taxonomy":"category","embeddable":true,"href":"https:\/\/linitiative.ca\/International\/wp-json\/wp\/v2\/categories?post=79614"},{"taxonomy":"post_tag","embeddable":true,"href":"https:\/\/linitiative.ca\/International\/wp-json\/wp\/v2\/tags?post=79614"}],"curies":[{"name":"wp","href":"https:\/\/api.w.org\/{rel}","templated":true}]}}