{"id":79615,"date":"2020-03-20T05:20:00","date_gmt":"2020-03-20T09:20:00","guid":{"rendered":"https:\/\/linitiative.ca\/International\/coronavirus-les-banques-vont-aider-les-menages-et-entreprises-en-difficulte\/"},"modified":"2020-03-20T05:20:00","modified_gmt":"2020-03-20T09:20:00","slug":"coronavirus-les-banques-vont-aider-les-menages-et-entreprises-en-difficulte","status":"publish","type":"post","link":"https:\/\/linitiative.ca\/International\/coronavirus-les-banques-vont-aider-les-menages-et-entreprises-en-difficulte\/","title":{"rendered":"Coronavirus: Les banques vont aider les m\u00e9nages et entreprises en difficult\u00e9"},"content":{"rendered":"<div class=\"body\">\n<div class=\"field field-name-body field-type-text-with-summary field-label-hidden\">\n<div class=\"field-items\" readability=\"8\">\n<div class=\"field-item even\" property=\"content:encoded\" readability=\"11\">\n<p class=\"rtejustify\">Le Groupement Professionnel des Banques du Maroc (GPBM) s\u2019engage fermement \u00e0 soutenir les m\u00e9nages et les entreprises face aux cons\u00e9quences de la pand\u00e9mie du coronavirus. Les banques se disent donc pr\u00eates \u00ab\u00e0 apporter leur appui dans le traitement au cas par cas des difficult\u00e9s de certains m\u00e9nages et entreprises induites par cette pand\u00e9mie\u00bb. Elles promettent des mesures bancaires dans ce domaine qui seront annonc\u00e9es \u00e0 l\u2019occasion de la prochaine r\u00e9union du \u00abcomit\u00e9 de veille \u00e9conomique\u00bb, le 23 mars.<em> <\/em><\/p>\n<p class=\"rtejustify\"><em>M.A.B.<\/em><\/p>\n<p class=\"rtejustify\">\u00a0<\/p>\n<\/div>\n<\/div>\n<\/div>\n<\/div>\n<div class=\"eco-conseil\">\n<div class=\"view view-eco-conseil-16 view-id-eco_conseil_16 view-display-id-cookies view-dom-id-20969db3ddbac61d719e57575ac51e0d\">\n<div class=\"view-content\">\n<div id=\"views-bootstrap-grid-1\" class=\"views-bootstrap-grid-plugin-style\">\n<div class=\"row\">\n<div class=\" col-xs-12 col-lg-4\">\n<div class=\"row\">\n<div class=\"col col-xs-12 col-lg-12\">\n<div class=\"field-content\"><a href=\"\/article\/1059021-fake-news-authentifiez-vos-communiques-s-il-vous-plait\"><img loading=\"lazy\" decoding=\"async\" class=\"img-responsive\" typeof=\"foaf:Image\" src=\"https:\/\/www.leconomiste.com\/sites\/default\/files\/eco7\/public\/styles\/800x400\/public\/default_images\/default_une.jpg?itok=4jZlgnIZ\" width=\"660\" height=\"330\" alt=\"\"\/><\/a><\/div>\n<\/div>\n<div class=\" title_suite_2 col col-xs-12 col-lg-12\"> <a href=\"\/article\/1059021-fake-news-authentifiez-vos-communiques-s-il-vous-plait\"\/><span class=\"field-content\">Fake news: Authentifiez vos communiqu\u00e9s s\u2019il vous pla\u00eet!<\/span><\/div>\n<\/div>\n<\/div>\n<div class=\" col-xs-12 col-lg-4\">\n<div class=\"row\">\n<div class=\"col col-xs-12 col-lg-12\">\n<div class=\"field-content\"><a href=\"\/article\/1059020-coronavirus-le-canadien-medicago-annonce-un-vaccin-potentiel\"><img loading=\"lazy\" decoding=\"async\" class=\"img-responsive\" typeof=\"foaf:Image\" src=\"https:\/\/www.leconomiste.com\/sites\/default\/files\/eco7\/public\/styles\/800x400\/public\/default_images\/default_une.jpg?itok=4jZlgnIZ\" width=\"660\" height=\"330\" alt=\"\"\/><\/a><\/div>\n<\/div>\n<div class=\" title_suite_2 col col-xs-12 col-lg-12\"> <a href=\"\/article\/1059020-coronavirus-le-canadien-medicago-annonce-un-vaccin-potentiel\"\/><span class=\"field-content\">Coronavirus: Le canadien Medicago annonce un vaccin potentiel<\/span><\/div>\n<\/div>\n<\/div>\n<div class=\" col-xs-12 col-lg-4\">\n<div class=\"row\">\n<div class=\"col col-xs-12 col-lg-12\">\n<div class=\"field-content\"><a href=\"\/article\/1059018-buzzeff-devient-teads-north-africa\"><img loading=\"lazy\" decoding=\"async\" class=\"img-responsive\" typeof=\"foaf:Image\" src=\"https:\/\/www.leconomiste.com\/sites\/default\/files\/eco7\/public\/styles\/800x400\/public\/default_images\/default_une.jpg?itok=4jZlgnIZ\" width=\"660\" height=\"330\" alt=\"\"\/><\/a><\/div>\n<\/div>\n<div class=\" title_suite_2 col col-xs-12 col-lg-12\"> <a href=\"\/article\/1059018-buzzeff-devient-teads-north-africa\"\/><span class=\"field-content\">Buzzeff devient Teads North Africa<\/span><\/div>\n<\/div>\n<\/div>\n<\/div>\n<\/div>\n<\/div>\n<\/div>\n<\/div>\n<p>Auteur: hlafriqi<br \/>\n<a href=\"https:\/\/www.leconomiste.com\/article\/1059013-coronavirus-les-banques-vont-aider-les-menages-et-entreprises-en-difficulte\">Cliquez ici pour lire l&rsquo;article depuis sa source.<\/a><\/p>\n","protected":false},"excerpt":{"rendered":"<p>Le Groupement Professionnel des Banques du Maroc (GPBM) s\u2019engage fermement \u00e0 soutenir les m\u00e9nages et les entreprises face aux cons\u00e9quences de la pand\u00e9mie du coronavirus. Les banques se disent donc pr\u00eates \u00ab\u00e0 apporter leur appui dans le traitement au cas par cas des difficult\u00e9s de certains m\u00e9nages et entreprises induites par cette pand\u00e9mie\u00bb. Elles promettent [&hellip;]<\/p>\n","protected":false},"author":1763,"featured_media":0,"comment_status":"closed","ping_status":"closed","sticky":false,"template":"","format":"standard","meta":{"fifu_image_url":"","fifu_image_alt":"","footnotes":""},"categories":[78,54],"tags":[],"class_list":["post-79615","post","type-post","status-publish","format-standard","hentry","category-economie","category-maroc"],"_links":{"self":[{"href":"https:\/\/linitiative.ca\/International\/wp-json\/wp\/v2\/posts\/79615","targetHints":{"allow":["GET"]}}],"collection":[{"href":"https:\/\/linitiative.ca\/International\/wp-json\/wp\/v2\/posts"}],"about":[{"href":"https:\/\/linitiative.ca\/International\/wp-json\/wp\/v2\/types\/post"}],"author":[{"embeddable":true,"href":"https:\/\/linitiative.ca\/International\/wp-json\/wp\/v2\/users\/1763"}],"replies":[{"embeddable":true,"href":"https:\/\/linitiative.ca\/International\/wp-json\/wp\/v2\/comments?post=79615"}],"version-history":[{"count":0,"href":"https:\/\/linitiative.ca\/International\/wp-json\/wp\/v2\/posts\/79615\/revisions"}],"wp:attachment":[{"href":"https:\/\/linitiative.ca\/International\/wp-json\/wp\/v2\/media?parent=79615"}],"wp:term":[{"taxonomy":"category","embeddable":true,"href":"https:\/\/linitiative.ca\/International\/wp-json\/wp\/v2\/categories?post=79615"},{"taxonomy":"post_tag","embeddable":true,"href":"https:\/\/linitiative.ca\/International\/wp-json\/wp\/v2\/tags?post=79615"}],"curies":[{"name":"wp","href":"https:\/\/api.w.org\/{rel}","templated":true}]}}