{"id":79618,"date":"2020-03-20T05:45:00","date_gmt":"2020-03-20T09:45:00","guid":{"rendered":"https:\/\/linitiative.ca\/International\/lesjc-initie-au-developpement-territorial-durable\/"},"modified":"2020-03-20T05:45:00","modified_gmt":"2020-03-20T09:45:00","slug":"lesjc-initie-au-developpement-territorial-durable","status":"publish","type":"post","link":"https:\/\/linitiative.ca\/International\/lesjc-initie-au-developpement-territorial-durable\/","title":{"rendered":"L\u2019ESJC initie au d\u00e9veloppement territorial durable"},"content":{"rendered":"<div class=\"dnd-atom-wrapper type-image context-sdl_editor_representation atom-align-right\" contenteditable=\"false\">\n<div class=\"dnd-drop-wrapper\">\n<div class=\"image\"><img loading=\"lazy\" decoding=\"async\" typeof=\"foaf:Image\" class=\"img-responsive\" src=\"https:\/\/leconomiste.com\/sites\/default\/files\/eco7\/public\/thumbnails\/image\/esjc-developpement-022.jpg\" width=\"397\" height=\"383\" alt=\"esjc-developpement-022.jpg\" title=\"esjc-developpement-022.jpg\"\/><\/div>\n<\/div>\n<\/div>\n<p class=\"rtejustify\">Sensibiliser \u00e0 l\u2019importance d\u2019aider les populations fragilis\u00e9es en leur apprenant \u00e0 exploiter leurs propres ressources tout en mettant \u00e0 profit celles de leur environnement.<\/p>\n<p class=\"rtejustify\">C\u2019est dans cette optique que l\u2019Ecole sup\u00e9rieure de journalisme et de communication (\u00e9cole appartenant au groupe Eco-M\u00e9dias d\u00e9tenteur des quotidiens L\u2019Economiste, Assabah et d\u2019Atlantic Radio) a re\u00e7u le 11 mars dernier le pr\u00e9sident fondateur de l\u2019ONG marocaine \u00abAmal Biladi\u00bb Elmahdi Benabdeljalil, enti\u00e8rement fond\u00e9e sur cette approche territoriale originale \u00e0 caract\u00e8re durable mais avant tout humain.<\/p>\n<p class=\"rtejustify\">Durant cette rencontre qui a tenu en haleine un grand nombre d\u2019\u00e9tudiants, le praticien en hypnose et sp\u00e9cialiste en d\u00e9veloppement s\u2019est d\u2019abord arr\u00eat\u00e9 sur son long parcours sem\u00e9 d\u2019emb\u00fbches, qui a fait na\u00eetre progressivement en lui la volont\u00e9 d\u2019aider son prochain.<\/p>\n<p class=\"rtejustify\">Un \u00e9veil apparu il y a de cela 25 ans, lorsque ce jeune \u00e9tudiant \u00e0 Sup de Co Montpellier monte sa premi\u00e8re organisation non gouvernementale \u00abBaraka\u00bb en 1995 qui militait pour la protection de l\u2019enfance et de l\u2019environnement apr\u00e8s avoir visionn\u00e9 un documentaire \u00e9mouvant du m\u00eame nom.<\/p>\n<p class=\"rtejustify\">Mais c\u2019est quelques ann\u00e9es plus tard, plus pr\u00e9cis\u00e9ment en 2012, que son destin a bascul\u00e9. Suite \u00e0 l\u2019annonce du d\u00e9c\u00e8s d\u2019un b\u00e9b\u00e9 \u00e0 Anfgou, il participe \u00e0 une exp\u00e9dition humanitaire pour apporter des aides d\u2019urgence aux habitants de la r\u00e9gion. Une exp\u00e9rience qui l\u2019a profond\u00e9ment marqu\u00e9 et lui a ouvert les yeux sur sa vocation.<\/p>\n<p class=\"rtejustify\">\u00abJe suis parti croyant trouver un b\u00e9b\u00e9 mort sur place. Il y en avait plus de cinquante. J\u2019en ai pas dormi pendant quatre mois!\u00bb, nous confie-t-il\u00a0 l\u2019air pensif et le regard \u00e9gar\u00e9. Suite \u00e0 cette action, il participe \u00e0 la fondation d\u2019une seconde ONG, \u00abEl Bakara Angels\u00bb, qui a permis d\u2019organiser un grand nombre d\u2019exp\u00e9ditions du m\u00eame calibre \u00e0 travers le Royaume, mais \u00e9galement de r\u00e9nover des \u00e9coles et de construire des puits dans les zones les plus enclav\u00e9es. Puis, il y a quelques ann\u00e9es de cela, Benabdeljalil voit plus grand, mais surtout r\u00e9fl\u00e9chit \u00e0 une approche efficace sur le long terme. Il fonde alors Amal Biladi.<\/p>\n<p class=\"rtejustify\">L\u2019ONG, r\u00e9cemment cr\u00e9\u00e9e, a pour postulat de base de booster autant que possible le d\u00e9veloppement des habitants des r\u00e9gions enclav\u00e9es en les mettant \u00e0 contribution. Un organisme ambitieux dont le premier projet pilote concerne pour le moment trois villages de la province de Rhamna et sur lequel travaille actuellement un total de 150 personnes. \u00abNous esp\u00e9rons d\u00e9passer un total de cent villages d\u2019ici 5 ans\u00bb, pr\u00e9cise-t-il.<\/p>\n<p class=\"rtejustify\">Le programme permettra entre autre d\u2019identifier parmi les villageois des entrepreneurs ruraux potentiels et de les impliquer dans des projets \u00abdurables\u00bb ax\u00e9s sur quatre m\u00e9tiers phares, parmi lesquels l\u2019agro\u00e9cologie, l\u2019artisanat, les constructions \u00e9cologiques ou encore le tourisme durable. Une formation qui sera entre autre assur\u00e9e par l\u2019Acad\u00e9mie rurale d\u2019excellence, \u00e0 laquelle s\u2019ajoutera une d\u00e9marche sensible de coaching des associations locales ainsi que l\u2019organisation d\u2019\u00e9v\u00e8nements sportifs et culturels.<\/p>\n<p class=\"rtejustify\">\u00abNous allons offrir la possibilit\u00e9 \u00e0 ces habitants de vivre d\u2019activit\u00e9s \u00e9panouissantes sur le plan humain (volet appr\u00e9ciatif), innovantes sur le plan techniques et respectueuses de la biodiversit\u00e9 des lieux (volet r\u00e9g\u00e9n\u00e9rateur)\u00bb, explique Benabdeljalil.<\/p>\n<p class=\"rtejustify\">Un moyen \u00e9galement pour ces villageois de devenir \u00e0 leur tour relayeurs de cette approche et de la dupliquer dans d\u2019autres r\u00e9gions du pays. \u00abNotre fondation est avant tout bas\u00e9e sur l\u2019id\u00e9e d\u2019utiliser l\u2019intelligence collective et de f\u00e9d\u00e9rer les forces humaines des r\u00e9gions enclav\u00e9es pour leur permettre d\u2019\u00e9voluer vers un mieux \u00eatre visible \u00bb, pr\u00e9cise-t-il.<\/p>\n<blockquote readability=\"14\">\n<p class=\"rtecenter\"><strong><span>Des conseils pour les jeunes<\/span><\/strong><\/p>\n<p class=\"rtejustify\">Outre son t\u00e9moignage \u00e0 la fois enrichissant et prenant, l\u2019intervention de l\u2019expert en d\u00e9veloppement humain Elmahdi Benabdeljalil \u00e0 l\u2019ESJC le 11 mars dernier a \u00e9galement permis aux \u00e9tudiants pr\u00e9sents de b\u00e9n\u00e9ficier de pr\u00e9cieux conseils du v\u00e9t\u00e9ran. Pour r\u00e9ussir professionnellement comme personnellement, il leur a notamment conseill\u00e9 de faire preuve d\u2019humilit\u00e9, de transparence, d\u2019intuition et de pers\u00e9v\u00e9rance. Une dimension humaine selon lui inh\u00e9rente \u00e0 toute r\u00e9ussite.<\/p>\n<\/blockquote>\n<p class=\"rtejustify\"><em>Karim AGOUMI<\/em><\/p>\n<p>Auteur: hlafriqi<br \/>\n<a href=\"https:\/\/www.leconomiste.com\/article\/1059011-l-esjc-initie-au-developpement-territorial-durable\">Cliquez ici pour lire l&rsquo;article depuis sa source.<\/a><\/p>\n","protected":false},"excerpt":{"rendered":"<p>Sensibiliser \u00e0 l\u2019importance d\u2019aider les populations fragilis\u00e9es en leur apprenant \u00e0 exploiter leurs propres ressources tout en mettant \u00e0 profit celles de leur environnement. C\u2019est dans cette optique que l\u2019Ecole sup\u00e9rieure de journalisme et de communication (\u00e9cole appartenant au groupe Eco-M\u00e9dias d\u00e9tenteur des quotidiens L\u2019Economiste, Assabah et d\u2019Atlantic Radio) a re\u00e7u le 11 mars dernier [&hellip;]<\/p>\n","protected":false},"author":1763,"featured_media":79619,"comment_status":"closed","ping_status":"closed","sticky":false,"template":"","format":"standard","meta":{"fifu_image_url":"","fifu_image_alt":"","footnotes":""},"categories":[78,54],"tags":[],"class_list":["post-79618","post","type-post","status-publish","format-standard","has-post-thumbnail","hentry","category-economie","category-maroc"],"_links":{"self":[{"href":"https:\/\/linitiative.ca\/International\/wp-json\/wp\/v2\/posts\/79618","targetHints":{"allow":["GET"]}}],"collection":[{"href":"https:\/\/linitiative.ca\/International\/wp-json\/wp\/v2\/posts"}],"about":[{"href":"https:\/\/linitiative.ca\/International\/wp-json\/wp\/v2\/types\/post"}],"author":[{"embeddable":true,"href":"https:\/\/linitiative.ca\/International\/wp-json\/wp\/v2\/users\/1763"}],"replies":[{"embeddable":true,"href":"https:\/\/linitiative.ca\/International\/wp-json\/wp\/v2\/comments?post=79618"}],"version-history":[{"count":0,"href":"https:\/\/linitiative.ca\/International\/wp-json\/wp\/v2\/posts\/79618\/revisions"}],"wp:featuredmedia":[{"embeddable":true,"href":"https:\/\/linitiative.ca\/International\/wp-json\/"}],"wp:attachment":[{"href":"https:\/\/linitiative.ca\/International\/wp-json\/wp\/v2\/media?parent=79618"}],"wp:term":[{"taxonomy":"category","embeddable":true,"href":"https:\/\/linitiative.ca\/International\/wp-json\/wp\/v2\/categories?post=79618"},{"taxonomy":"post_tag","embeddable":true,"href":"https:\/\/linitiative.ca\/International\/wp-json\/wp\/v2\/tags?post=79618"}],"curies":[{"name":"wp","href":"https:\/\/api.w.org\/{rel}","templated":true}]}}