{"id":79620,"date":"2020-03-20T06:00:00","date_gmt":"2020-03-20T10:00:00","guid":{"rendered":"https:\/\/linitiative.ca\/International\/coronavirus-les-conseils-de-nos-lecteurs\/"},"modified":"2020-03-20T06:00:00","modified_gmt":"2020-03-20T10:00:00","slug":"coronavirus-les-conseils-de-nos-lecteurs","status":"publish","type":"post","link":"https:\/\/linitiative.ca\/International\/coronavirus-les-conseils-de-nos-lecteurs\/","title":{"rendered":"Coronavirus: Les conseils de nos lecteurs!"},"content":{"rendered":"<div class=\"dnd-atom-wrapper type-image context-sdl_editor_representation\" contenteditable=\"false\">\n<div class=\"dnd-drop-wrapper\">\n<div class=\"image\"><img loading=\"lazy\" decoding=\"async\" typeof=\"foaf:Image\" class=\"img-responsive\" src=\"https:\/\/www.leconomiste.com\/sites\/default\/files\/eco7\/public\/thumbnails\/image\/coronavisrus-022.jpg\" width=\"660\" height=\"330\" alt=\"coronavisrus-022.jpg\" title=\"coronavisrus-022.jpg\"\/><\/div>\n<\/div>\n<\/div>\n<p class=\"rtejustify\"><strong>\u25a0 Restons vigilants!<\/strong><br \/>Soyons vigilants en cette p\u00e9riode de crise! Ne commettons pas les m\u00eames erreurs que les Fran\u00e7ais\u2026 Il faut \u00e0 tout prix rester chez nous et limiter au maximum nos d\u00e9placements! Ne faites pas les m\u00eames erreurs que nous en France! Restez chez vous et limitez au maximum vos d\u00e9placements.<br \/><em>A.T.<\/em><\/p>\n<p class=\"rtejustify\"><strong>\u25a0 Les sp\u00e9culations de la honte<\/strong><br \/>Face \u00e0 cette crise, esp\u00e9rons que les actions humaines de solidarit\u00e9 se multiplieront! Parall\u00e8lement \u00e0 cela, je suis offusqu\u00e9 par les personnes qui profitent de la d\u00e9tresse du peuple pour s\u2019enrichir en sp\u00e9culant sur les produits alimentaires, les masques ou encore les gels antiseptiques\u2026 Honte \u00e0 eux!<br \/><em>K.P.<\/em><\/p>\n<p class=\"rtejustify\"><strong>\u25a0 Qui va payer le loyer des caf\u00e9s?<\/strong><br \/>C\u2019est excellent de fermer les caf\u00e9s et les restaurants. Mais est-ce que ces derniers seront exon\u00e9r\u00e9s d\u2019imp\u00f4ts ou encore de facture d\u2019\u00e9lectricit\u00e9? Qui va payer le loyer durant cette p\u00e9riode de ch\u00f4mage forc\u00e9? C\u2019est \u00e0 l\u2019Etat de trouver des solutions concr\u00e8tes \u00e0 ce probl\u00e8me!<br \/><em>S.S.<\/em><\/p>\n<p class=\"rtejustify\"><strong>\u25a0 La quarantaine s\u2019impose!<\/strong><br \/>Il faut imposer la quarantaine obligatoire pour tous les citoyens. Ils doivent signer un papier qui les engage \u00e0 rester chez eux, sous peine de sanctions s\u00e9v\u00e8res. Et ils doivent absolument \u00eatre r\u00e9mun\u00e9r\u00e9s! C&rsquo;est une mesure extr\u00eame mais n\u00e9cessaire \u00e0 la survie de tous.<br \/><em>O.S.<\/em><\/p>\n<p class=\"rtejustify\"><strong>\u25a0 Tout miser sur la com et les r\u00e9seaux sociaux!<\/strong><br \/>Dans cette situation de crise, toute bonne communication est on ne peut plus capitale. Et elle doit \u00e0 tout prix \u00eatre relay\u00e9e par les journaux ainsi que toutes les formes de m\u00e9dias. Les r\u00e9seaux sociaux, quant \u00e0 eux, doivent participer activement. D\u2019autant plus que c\u2019est l\u2019occasion ou jamais de prouver que ceux-ci sont v\u00e9ritablement \u00absociaux\u00bb et susceptibles de freiner cette d\u00e9stabilisation de la situation sanitaire.<br \/><em>B.W.<\/em><\/p>\n<p class=\"rtejustify\"><strong>\u25a0 Ne surtout pas c\u00e9der \u00e0 la psychose<\/strong><br \/>Nous devons faire confiance aux autorit\u00e9s du pays, car cette situation n\u2019est facile pour personne et aucun gouvernement au monde n\u2019a encore r\u00e9ellement trouv\u00e9 de solution \u00e0 cette pand\u00e9mie! Arr\u00eatons donc cette psychose, parce que les humains vont devenir plus virulents que le virus lui-m\u00eame! N\u2019oubliez pas que la nature finit toujours par prendre le dessus sur le reste, et ce depuis des milliards d\u2019ann\u00e9es! Alors que chacun prenne ses responsabilit\u00e9s et se montre un tant soit peu prudent. Ne c\u00e9dons pas \u00e0 la panique collective!<br \/><em>I.I.<\/em><\/p>\n<p class=\"rtejustify\"><strong>\u25a0 Logistique: Les lits insuffisants en nombre<\/strong><br \/>250 lits sp\u00e9cialis\u00e9s au Maroc? L\u2019on ne parle pas d&rsquo;une grippe&#8230; Environ 10% des cas du coronavirus sont graves! Math\u00e9matiquement, si on a 2500 contamin\u00e9s, il y aura d\u00e9j\u00e0 saturation de ces chambres. Aussi, il faut absolument d\u00e9cr\u00e9ter la mise en quarantaine du pays!<br \/><em>A.A.<\/em><\/p>\n<p class=\"rtejustify\"><strong>\u25a0 R\u00e9duire les d\u00e9placements des transports en commun<\/strong><br \/>Il faut r\u00e9duire de mani\u00e8re drastique le nombre d\u2019autobus en circulation pour pouvoir r\u00e9duire les d\u00e9placements inutiles \u00e0 l\u2019int\u00e9rieur de nos villes. Il y a \u00e9galement le probl\u00e8me des petits taxis qui transportent jusqu\u2019\u00e0 trois personnes \u00e0 la fois\u2026 En effet, seul le confinement permet de combattre ce virus!<br \/><em>E.L.<\/em><\/p>\n<p class=\"rtejustify\"><strong>\u25a0 Voter pour le ch\u00f4mage partiel<\/strong><br \/>Il faudrait rendre obligatoire l\u2019application du ch\u00f4mage partiel en s\u2019inspirant de ce qui existe d\u00e9j\u00e0 ailleurs sur le sujet! Qu\u2019attend-on? Cette situation pourrait durer des semaines, voire m\u00eame des mois!<br \/><em>A.A.<\/em><\/p>\n<p class=\"rtecenter\"><strong><u>\u00a0\u00a0\u00a0\u00a0\u00a0\u00a0\u00a0\u00a0\u00a0\u00a0\u00a0\u00a0\u00a0\u00a0\u00a0\u00a0\u00a0\u00a0\u00a0\u00a0\u00a0\u00a0\u00a0\u00a0\u00a0\u00a0\u00a0\u00a0\u00a0\u00a0\u00a0\u00a0\u00a0\u00a0\u00a0\u00a0\u00a0\u00a0\u00a0\u00a0\u00a0\u00a0\u00a0\u00a0\u00a0\u00a0\u00a0\u00a0\u00a0\u00a0\u00a0\u00a0\u00a0\u00a0\u00a0\u00a0\u00a0\u00a0\u00a0\u00a0\u00a0\u00a0\u00a0\u00a0\u00a0\u00a0\u00a0\u00a0\u00a0\u00a0\u00a0\u00a0\u00a0\u00a0\u00a0\u00a0\u00a0 <\/u><\/strong><\/p>\n<div class=\"dnd-atom-wrapper type-image context-sdl_editor_representation\" contenteditable=\"false\">\n<div class=\"dnd-drop-wrapper\">\n<div class=\"image\"><img loading=\"lazy\" decoding=\"async\" typeof=\"foaf:Image\" class=\"img-responsive\" src=\"https:\/\/www.leconomiste.com\/sites\/default\/files\/eco7\/public\/thumbnails\/image\/ressources-hydriques-022.jpg\" width=\"660\" height=\"330\" alt=\"ressources-hydriques-022.jpg\" title=\"ressources-hydriques-022.jpg\"\/><\/div>\n<\/div>\n<\/div>\n<p class=\"rtecenter\"><strong>Ressources en eau: Le Maroc a soif!<\/strong><\/p>\n<p class=\"rtejustify\">Le spectre de la soif pointe le bout de son nez dans plusieurs r\u00e9gions du pays, parmi lesquelles Haouz mais \u00e9galement F\u00e8s-Saiss et le pr\u00e9-Rif. La menace de manque d\u2019eau plane d\u00e9j\u00e0 sur les barrages et les nappes phr\u00e9atiques. Une situation qui a fait r\u00e9agir bon nombre de nos lecteurs\u2026 <a href=\"https:\/\/leconomiste.com\/archive\/edition\/5711\" target=\"_blank\" rel=\"noopener noreferrer\"><span><strong><em>(cf. notre \u00e9dition du 04\/ 03 \/2020)<\/em><\/strong><\/span><\/a><\/p>\n<p class=\"rtejustify\"><strong>\u25a0 Un gaspillage qui pourrait servir<\/strong><br \/>Quand je vois l\u2019eau couler \u00e0 flots en plein hiver dans nos rues et nos parcs, je me demande si l\u2019on ne pourrait pas capter ce pr\u00e9cieux or bleu et le pr\u00e9server dans d\u2019immenses r\u00e9servoirs plac\u00e9s \u00e0 l\u2019ext\u00e9rieur des villes.<br \/><em>T.Y.<\/em><\/p>\n<p class=\"rtejustify\"><strong>\u25a0 Le moteur principal de l\u2019agriculture menac\u00e9<\/strong><br \/>Il faut savoir que 90% de l\u2019eau consomm\u00e9e est utilis\u00e9e dans le secteur agricole, en particulier l\u2019agriculture intensive! Il s\u2019agit notamment des grandes structures qui font pousser les oranges, les tomates et les past\u00e8ques dans des zones arides. Une folie!<br \/><em>W.A.<\/em><\/p>\n<p class=\"rtejustify\"><strong>\u25a0 Une politique d\u2019anticipation s\u2019impose<\/strong><br \/>Les acteurs du secteur en question doivent se mobiliser et coordonner ensemble une r\u00e9elle politique d\u2019anticipation de la crise de l\u2019eau, qui arrivera in\u00e9luctablement chez nous. Il faudra en premier lieu changer radicalement le mode de consommation des citoyens. Par exemple, et ce sur une longue dur\u00e9e, la classe ais\u00e9e pourrait se passer de ses clubs de golf. Cette eau pourrait \u00eatre utilis\u00e9e par les zones arides, qui en ont v\u00e9ritablement besoin.<br \/><em>M.L.<\/em><\/p>\n<p class=\"rtejustify\">\u00a0<\/p>\n<p>Auteur: hlafriqi<br \/>\n<a href=\"https:\/\/www.leconomiste.com\/article\/1059010-coronavirus-les-conseils-de-nos-lecteurs\">Cliquez ici pour lire l&rsquo;article depuis sa source.<\/a><\/p>\n","protected":false},"excerpt":{"rendered":"<p>\u25a0 Restons vigilants!Soyons vigilants en cette p\u00e9riode de crise! Ne commettons pas les m\u00eames erreurs que les Fran\u00e7ais\u2026 Il faut \u00e0 tout prix rester chez nous et limiter au maximum nos d\u00e9placements! Ne faites pas les m\u00eames erreurs que nous en France! Restez chez vous et limitez au maximum vos d\u00e9placements.A.T. \u25a0 Les sp\u00e9culations de [&hellip;]<\/p>\n","protected":false},"author":1763,"featured_media":79621,"comment_status":"closed","ping_status":"closed","sticky":false,"template":"","format":"standard","meta":{"fifu_image_url":"","fifu_image_alt":"","footnotes":""},"categories":[78,54],"tags":[],"class_list":["post-79620","post","type-post","status-publish","format-standard","has-post-thumbnail","hentry","category-economie","category-maroc"],"_links":{"self":[{"href":"https:\/\/linitiative.ca\/International\/wp-json\/wp\/v2\/posts\/79620","targetHints":{"allow":["GET"]}}],"collection":[{"href":"https:\/\/linitiative.ca\/International\/wp-json\/wp\/v2\/posts"}],"about":[{"href":"https:\/\/linitiative.ca\/International\/wp-json\/wp\/v2\/types\/post"}],"author":[{"embeddable":true,"href":"https:\/\/linitiative.ca\/International\/wp-json\/wp\/v2\/users\/1763"}],"replies":[{"embeddable":true,"href":"https:\/\/linitiative.ca\/International\/wp-json\/wp\/v2\/comments?post=79620"}],"version-history":[{"count":0,"href":"https:\/\/linitiative.ca\/International\/wp-json\/wp\/v2\/posts\/79620\/revisions"}],"wp:featuredmedia":[{"embeddable":true,"href":"https:\/\/linitiative.ca\/International\/wp-json\/"}],"wp:attachment":[{"href":"https:\/\/linitiative.ca\/International\/wp-json\/wp\/v2\/media?parent=79620"}],"wp:term":[{"taxonomy":"category","embeddable":true,"href":"https:\/\/linitiative.ca\/International\/wp-json\/wp\/v2\/categories?post=79620"},{"taxonomy":"post_tag","embeddable":true,"href":"https:\/\/linitiative.ca\/International\/wp-json\/wp\/v2\/tags?post=79620"}],"curies":[{"name":"wp","href":"https:\/\/api.w.org\/{rel}","templated":true}]}}