{"id":79622,"date":"2020-03-20T15:14:05","date_gmt":"2020-03-20T19:14:05","guid":{"rendered":"https:\/\/linitiative.ca\/International\/international-chelsea-willian-pret-a-jouer-libre-pour-le-club\/"},"modified":"2020-03-20T15:14:05","modified_gmt":"2020-03-20T19:14:05","slug":"international-chelsea-willian-pret-a-jouer-libre-pour-le-club","status":"publish","type":"post","link":"https:\/\/linitiative.ca\/International\/international-chelsea-willian-pret-a-jouer-libre-pour-le-club\/","title":{"rendered":"International : Chelsea : Willian pr\u00eat \u00e0 jouer libre pour le club"},"content":{"rendered":"<div readability=\"32\">\n<p>Auteur : <span class=\"time\">vendredi 20 mars 2020 18:16<\/span><\/p>\n<\/div>\n<div id=\"post_core\" readability=\"56\">\n<p>Avec une bonne partie des championnats suspendus, les joueurs dont les contrats se terminent le 30 juin ne doivent en th\u00e9orie plus d\u00e9fendre les couleurs de leurs clubs. Parmi eux, Willian, l\u2019ailier br\u00e9silien de Chelsea. Tout comme ses co\u00e9quipiers Olivier Giroud et Pedro, les discussions concernant une prolongation de contrat n\u2019ont pas abouties. Cependant, dans un live Facebook avec la cha\u00eene br\u00e9silienne Esporte Interativo, le joueur de 31 ans a d\u00e9clar\u00e9 qu\u2019il serait heureux de repr\u00e9senter son club m\u00eame s\u2019il n\u2019est plus sous contrat avec, et donc de jouer gratuitement pour Chelsea.<\/p>\n<p>\u00ab Mon contrat se termine vraiment en juillet, et si je dois jouer sur cette p\u00e9riode, je pense qu\u2019il n\u2019y aurait pas de probl\u00e8me pour moi de finir la saison. Ce serait une mani\u00e8re d\u2019\u00eatre loyal envers le club, car ils l\u2019ont toujours \u00e9t\u00e9 avec moi. \u00bb a d\u00e9clar\u00e9 l\u2019ancien joueur du Shaktar Donetsk, dont le nom circule du c\u00f4t\u00e9 de certains clubs europ\u00e9ens (FC Barcelone, PSG). Le num\u00e9ro 10 des Blues a toutefois \u00e9mis un b\u00e9mol apr\u00e8s avoir exprim\u00e9 cette hypoth\u00e8se. \u00ab Mais il est clair que ce n\u2019est pas une certitude, nous ne savons pas ce qu\u2019il peut arriver. Mais comme toujours, je serai toujours pr\u00eat \u00e0 tout donner pour mon club malgr\u00e9 ma situation contractuelle. \u00bb Source : Les-Transferts.<\/p>\n<p><strong>Publi\u00e9 dans :<\/strong> <span>Chelsea : Willian<\/span><\/p>\n<\/div>\n<p>Auteur:<br \/>\n<a href=\"http:\/\/www.lebuteur.com\/article\/detail?titre=chelsea-willian-pret-a-jouer-libre-pour-le-club&#038;id=95364&#038;utm_source=feedburner&#038;utm_medium=feed&#038;utm_campaign=Feed%3A+GalerieFArtciles+%28Les+derniers+articles++-+lebuteur.com%29\">Cliquez ici pour lire l&rsquo;article depuis sa source.<\/a><\/p>\n","protected":false},"excerpt":{"rendered":"<p>Auteur : vendredi 20 mars 2020 18:16 Avec une bonne partie des championnats suspendus, les joueurs dont les contrats se terminent le 30 juin ne doivent en th\u00e9orie plus d\u00e9fendre les couleurs de leurs clubs. Parmi eux, Willian, l\u2019ailier br\u00e9silien de Chelsea. Tout comme ses co\u00e9quipiers Olivier Giroud et Pedro, les discussions concernant une prolongation [&hellip;]<\/p>\n","protected":false},"author":1738,"featured_media":79623,"comment_status":"closed","ping_status":"closed","sticky":false,"template":"","format":"standard","meta":{"fifu_image_url":"","fifu_image_alt":"","footnotes":""},"categories":[53,75],"tags":[],"class_list":["post-79622","post","type-post","status-publish","format-standard","has-post-thumbnail","hentry","category-algerie","category-sport"],"_links":{"self":[{"href":"https:\/\/linitiative.ca\/International\/wp-json\/wp\/v2\/posts\/79622","targetHints":{"allow":["GET"]}}],"collection":[{"href":"https:\/\/linitiative.ca\/International\/wp-json\/wp\/v2\/posts"}],"about":[{"href":"https:\/\/linitiative.ca\/International\/wp-json\/wp\/v2\/types\/post"}],"author":[{"embeddable":true,"href":"https:\/\/linitiative.ca\/International\/wp-json\/wp\/v2\/users\/1738"}],"replies":[{"embeddable":true,"href":"https:\/\/linitiative.ca\/International\/wp-json\/wp\/v2\/comments?post=79622"}],"version-history":[{"count":0,"href":"https:\/\/linitiative.ca\/International\/wp-json\/wp\/v2\/posts\/79622\/revisions"}],"wp:featuredmedia":[{"embeddable":true,"href":"https:\/\/linitiative.ca\/International\/wp-json\/"}],"wp:attachment":[{"href":"https:\/\/linitiative.ca\/International\/wp-json\/wp\/v2\/media?parent=79622"}],"wp:term":[{"taxonomy":"category","embeddable":true,"href":"https:\/\/linitiative.ca\/International\/wp-json\/wp\/v2\/categories?post=79622"},{"taxonomy":"post_tag","embeddable":true,"href":"https:\/\/linitiative.ca\/International\/wp-json\/wp\/v2\/tags?post=79622"}],"curies":[{"name":"wp","href":"https:\/\/api.w.org\/{rel}","templated":true}]}}