{"id":79633,"date":"2020-03-20T09:00:00","date_gmt":"2020-03-20T13:00:00","guid":{"rendered":"https:\/\/linitiative.ca\/International\/aucune-augmentation-des-prix-du-carburant-et-de-lelectricite-dans-le-plfc-2020-arkab\/"},"modified":"2020-03-20T09:00:00","modified_gmt":"2020-03-20T13:00:00","slug":"aucune-augmentation-des-prix-du-carburant-et-de-lelectricite-dans-le-plfc-2020-arkab","status":"publish","type":"post","link":"https:\/\/linitiative.ca\/International\/aucune-augmentation-des-prix-du-carburant-et-de-lelectricite-dans-le-plfc-2020-arkab\/","title":{"rendered":"Aucune augmentation des prix du carburant et de l&rsquo;\u00e9lectricit\u00e9 dans le PLFC   2020 (Arkab)"},"content":{"rendered":"<p>Invit\u00e9 de la T\u00e9l\u00e9vision publique, mercredi, M. Arkab a assur\u00e9 qu'\u00a0\u00bbaucune\u00a0 augmentation des prix du carburant et de l&rsquo;\u00e9lectricit\u00e9 n&rsquo;est pr\u00e9vue dans le\u00a0 projet de loi de finances compl\u00e9mentaire (PLFC) 2020&Prime;, pr\u00e9cisant que le\u00a0 gouvernement privil\u00e9giait le recours \u00e0 des mesures additionnelles pour\u00a0 rationaliser la consommation nationale de produits p\u00e9troliers et\u00a0 d&rsquo;\u00e9lectricit\u00e9.\u00a0<\/p>\n<p>\u00ab\u00a0Nous allons nous pencher sur de nouvelles mesures visant \u00e0 r\u00e9duire le\u00a0 gaspillage dans la consommation d&rsquo;\u00e9nergie\u00a0\u00bb par la cons\u00e9cration d&rsquo;un\u00a0 \u00ab\u00a0nouveau mod\u00e8le de consommation \u00e9nerg\u00e9tique\u00a0\u00bb, a affirm\u00e9 le ministre. Selon lui, le volume de consommation de produits p\u00e9troliers (carburants)\u00a0 en Alg\u00e9rie, estim\u00e9 \u00e0 15 millions de tonnes par an, est \u00ab\u00a0irrationnel\u00a0\u00bb. Concernant l&rsquo;\u00e9lectricit\u00e9, M. Arkab a pr\u00e9cis\u00e9 que la consommation de cette\u00a0 \u00e9nergie avait atteint son pic \u00e0 l&rsquo;\u00e9t\u00e9 2019 avec 15.600 m\u00e9gawatts, soit une\u00a0 hausse de 14% par rapport \u00e0 la m\u00eame p\u00e9riode en 2018, ajoutant que la\u00a0 consommation domestique \u00e9tait estim\u00e9e \u00e0 65% contre 18% seulement pour le\u00a0\u00a0<\/p>\n<p>secteur industriel.\u00a0<\/p>\n<p>Dans ce cadre, le ministre a rappel\u00e9 les instructions donn\u00e9es par le\u00a0 Pr\u00e9sident de la R\u00e9publique, lors du dernier conseil des ministres,\u00a0\u00a0<\/p>\n<p>notamment pour la mise en place d&rsquo;une politique d&rsquo;efficacit\u00e9 \u00e9nerg\u00e9tique\u00a0 stricte en vue de mettre fin au gaspillage, pr\u00e9server en permanence les\u00a0 ressources \u00e9nerg\u00e9tiques du pays, valoriser et renouveler les ressources\u00a0 d&rsquo;hydrocarbures afin de reconstituer les r\u00e9serves d\u00e9j\u00e0 consomm\u00e9es. A ce propos, le Pr\u00e9sident Tebboune avait donn\u00e9 des instructions pour\u00a0 l&rsquo;utilisation \u00ab\u00a0imm\u00e9diate\u00a0\u00bb de l&rsquo;\u00e9nergie solaire dans l&rsquo;\u00e9clairage public \u00e0\u00a0 travers toutes les communes de la R\u00e9publique, ordonnant la conversion au\u00a0 \u00ab\u00a0Sirghaz\u00a0\u00bb des voitures du secteur public.\u00a0<\/p>\n<p>M. Arkab a fait savoir que 27% de l&rsquo;\u00e9lectricit\u00e9 est consomm\u00e9e par les\u00a0 collectivit\u00e9s locales y compris les administrations, dont 12% sont destin\u00e9s\u00a0 \u00e0 l&rsquo;\u00e9clairage public.\u00a0<\/p>\n<p>A rappeler que le ministre des Finances, Abderrahmane Raouya avait\u00a0 pr\u00e9sent\u00e9, lors de la r\u00e9union du Gouvernement pr\u00e9sid\u00e9e mercredi par le\u00a0\u00a0<\/p>\n<p>Premier ministre, Abdelaziz Djerad, une communication relative \u00e0\u00a0 l&rsquo;avant-projet de loi de finances compl\u00e9mentaire pour l\u0626ann\u00e9e 2020.\u00a0<\/p>\n<p>Le PLFC 2020 vient corriger un certain nombre de dispositions de la loi de\u00a0 finances initiale pour 2020 et clarifier certaines r\u00e8gles encadrant\u00a0\u00a0<\/p>\n<p>l&rsquo;investissement productif.\u00a0 A ce titre, les propositions de r\u00e9am\u00e9nagement formul\u00e9es concernent de\u00a0 nombreux secteurs et tendent \u00e0 apporter la souplesse demand\u00e9e par les\u00a0 op\u00e9rateurs \u00e9conomiques, notamment ceux porteurs de projets\u00a0 d&rsquo;investissements, en particulier dans le domaine de la micro-entreprise et\u00a0 des startups.(APS)\u00a0<\/p>\n<p>Auteur: elmoudjahid<br \/>\n<a href=\"http:\/\/www.elmoudjahid.com\/fr\/actualites\/150128\">Cliquez ici pour lire l&rsquo;article depuis sa source.<\/a><\/p>\n","protected":false},"excerpt":{"rendered":"<p>Invit\u00e9 de la T\u00e9l\u00e9vision publique, mercredi, M. Arkab a assur\u00e9 qu&rsquo;\u00a0\u00bbaucune\u00a0 augmentation des prix du carburant et de l&rsquo;\u00e9lectricit\u00e9 n&rsquo;est pr\u00e9vue dans le\u00a0 projet de loi de finances compl\u00e9mentaire (PLFC) 2020&Prime;, pr\u00e9cisant que le\u00a0 gouvernement privil\u00e9giait le recours \u00e0 des mesures additionnelles pour\u00a0 rationaliser la consommation nationale de produits p\u00e9troliers et\u00a0 d&rsquo;\u00e9lectricit\u00e9.\u00a0 \u00ab\u00a0Nous allons nous [&hellip;]<\/p>\n","protected":false},"author":1744,"featured_media":0,"comment_status":"closed","ping_status":"closed","sticky":false,"template":"","format":"standard","meta":{"fifu_image_url":"","fifu_image_alt":"","footnotes":""},"categories":[73,53],"tags":[],"class_list":["post-79633","post","type-post","status-publish","format-standard","hentry","category-actualite","category-algerie"],"_links":{"self":[{"href":"https:\/\/linitiative.ca\/International\/wp-json\/wp\/v2\/posts\/79633","targetHints":{"allow":["GET"]}}],"collection":[{"href":"https:\/\/linitiative.ca\/International\/wp-json\/wp\/v2\/posts"}],"about":[{"href":"https:\/\/linitiative.ca\/International\/wp-json\/wp\/v2\/types\/post"}],"author":[{"embeddable":true,"href":"https:\/\/linitiative.ca\/International\/wp-json\/wp\/v2\/users\/1744"}],"replies":[{"embeddable":true,"href":"https:\/\/linitiative.ca\/International\/wp-json\/wp\/v2\/comments?post=79633"}],"version-history":[{"count":0,"href":"https:\/\/linitiative.ca\/International\/wp-json\/wp\/v2\/posts\/79633\/revisions"}],"wp:attachment":[{"href":"https:\/\/linitiative.ca\/International\/wp-json\/wp\/v2\/media?parent=79633"}],"wp:term":[{"taxonomy":"category","embeddable":true,"href":"https:\/\/linitiative.ca\/International\/wp-json\/wp\/v2\/categories?post=79633"},{"taxonomy":"post_tag","embeddable":true,"href":"https:\/\/linitiative.ca\/International\/wp-json\/wp\/v2\/tags?post=79633"}],"curies":[{"name":"wp","href":"https:\/\/api.w.org\/{rel}","templated":true}]}}