{"id":79636,"date":"2020-03-20T09:42:15","date_gmt":"2020-03-20T13:42:15","guid":{"rendered":"https:\/\/linitiative.ca\/International\/103263-foot-coronavirus-on-ne-veut-pas-d-une-saison-blanche\/"},"modified":"2020-03-20T09:42:15","modified_gmt":"2020-03-20T13:42:15","slug":"103263-foot-coronavirus-on-ne-veut-pas-d-une-saison-blanche","status":"publish","type":"post","link":"https:\/\/linitiative.ca\/International\/103263-foot-coronavirus-on-ne-veut-pas-d-une-saison-blanche\/","title":{"rendered":"Foot-Coronavirus: \u00ab\u00a0on ne veut pas d&rsquo;une saison blanche\u00a0\u00bb"},"content":{"rendered":"<div readability=\"38\">\n<p><strong>ALGER &#8211; Le pr\u00e9sident de la F\u00e9d\u00e9ration alg\u00e9rienne de football (FAF), Khe\u00efreddine Zetchi, a refus\u00e9 vendredi l&rsquo;id\u00e9e de d\u00e9cr\u00e9ter une saison blanche en raison de la pand\u00e9mie du nouveau coronavirus (Covid-19), soulignant que son instance fera tout pour permettre \u00e0 la comp\u00e9tition d&rsquo;aller au bout.<\/strong><\/p>\n<\/div>\n<div readability=\"71.0862944162\">\n<p>\u00ab\u00a0On ne veut pas d&rsquo;une saison blanche. Nous allons tout faire pour reprendre le championnat. Notre image serait ternie aux yeux de la F\u00e9d\u00e9ration internationale (Fifa) et au monde entier si nous prenons une telle d\u00e9cision qui voudrait dire que nous ne sommes pas capables de nous adapter \u00e0 la situation actuelle engendr\u00e9e par ce virus\u00a0\u00bb, <em><strong><a href=\"http:\/\/www.faf.dz\/covid-19-le-prsident-sexprimera-sur-la-chaine-2-nationale\/\" target=\"_blank\" rel=\"noopener noreferrer\">a indiqu\u00e9 le premier responsable de la FAF sur les ondes de la Radio nationale<\/a><\/strong><\/em>.<\/p>\n<hr\/>\n<h3>Lire aussi:\u00a0<a href=\"http:\/\/www.aps.dz\/sport\/103184-football-coronavirus-c-est-illogique-de-parler-de-saison-blanche\" target=\"_blank\" rel=\"noopener noreferrer\">Football \/ Coronavirus : \u00ab\u00a0C\u2019est illogique de parler de saison blanche\u00a0\u00bb<\/a><\/h3>\n<hr\/>\n<p>Selon un dernier bilan \u00e9tabli jeudi par le minist\u00e8re de la Sant\u00e9, de la Population et de la R\u00e9forme hospitali\u00e8re, 9 d\u00e9c\u00e8s ont \u00e9t\u00e9 enregistr\u00e9s sur un total de 90 cas de contamination au coronavirus confirm\u00e9s dans 17 wilayas.<\/p>\n<blockquote readability=\"14\">\n<p><em><strong>\u00ab\u00a0Nous sommes en train de traverser une p\u00e9riode exceptionnelle, \u00e0 l&rsquo;instar du monde entier. Au cours de la prochaine r\u00e9union du Bureau f\u00e9d\u00e9ral pr\u00e9vue le 31 mars, nous allons aborder ce sujet selon le d\u00e9veloppement de la situation sanitaire au pays. Nous sommes \u00e0 un stade avanc\u00e9 du championnat, il nous reste quelques journ\u00e9es \u00e0 disputer, nous allons parvenir \u00e0 \u00e9tablir un calendrier pour pouvoir terminer la saison. La sant\u00e9 des joueurs et des staffs techniques est le plus important pour nous, je leur demande de prendre leurs pr\u00e9cautions\u00a0\u00bb, a-t-il ajout\u00e9.<\/strong><\/em><\/p>\n<\/blockquote>\n<p class=\"c30\"><strong>\u00ab\u00a0Tous nos internationaux sont en bonne sant\u00e9\u00a0\u00bb<\/strong><\/p>\n<p>Concernant l&rsquo;\u00e9tat des internationaux alg\u00e9riens \u00e9voluant \u00e0 l&rsquo;\u00e9tranger, notamment en Europe, premier foyer mondial du coronavirus, Zetchi rassure: \u00ab\u00a0Par le biais du s\u00e9lectionneur national Djamel Belmadi ainsi que par des contacts directs et permanents, la FAF suit de pr\u00e8s les informations de nos joueurs. Dieu merci, tout le monde se trouve en bonne sant\u00e9 et applique \u00e0 la lettre les consignes et mesures de pr\u00e9caution, tout en s&rsquo;entra\u00eenant individuellement au niveau de leur domicile. Les joueurs ont fait preuve d&rsquo;un grand sens de responsabilit\u00e9, je leur demande de rester vigilants pour \u00e9viter toute mauvaise nouvelle\u00a0\u00bb.<\/p>\n<blockquote readability=\"11\">\n<p><em><strong>Le patron de la FAF partage ainsi le m\u00eame avis que le pr\u00e9sident de la Ligue de football professionnel (LFP), Abdelkrim Medouar, qui a bott\u00e9 en touche mercredi l&rsquo;\u00e9ventualit\u00e9 de d\u00e9cr\u00e9ter une saison blanche, soulignant qu&rsquo;aucune hypoth\u00e8se n\u2019a \u00e9t\u00e9 \u00e9voqu\u00e9e pour le moment si la suspension des comp\u00e9titions serait prolong\u00e9e au-del\u00e0 du 5 avril.<\/strong><\/em><\/p>\n<\/blockquote>\n<hr\/>\n<h3>Lire aussi:\u00a0<a href=\"http:\/\/www.aps.dz\/sport\/103101-foot-algerie-la-dtn-exhorte-les-clubs-a-tracer-un-programme-individuel-aux-joueurs\" target=\"_blank\" rel=\"noopener noreferrer\">Foot\/ Alg\u00e9rie: la DTN exhorte les clubs \u00e0 tracer un programme individuel aux joueurs<\/a><\/h3>\n<hr\/>\n<blockquote readability=\"11\">\n<p><em><strong>\u00ab\u00a0Concernant l\u2019\u00e9ventualit\u00e9 de d\u00e9cr\u00e9ter une saison blanche, on n&rsquo;en est pas encore l\u00e0. C&rsquo;est illogique de parler d\u2019une saison blanche du moment que nous ne pouvons pas pr\u00e9voir ce qui va se passer. Je regrette la pol\u00e9mique provoqu\u00e9e par certains responsables de club par rapport \u00e0 la situation actuelle. Ceux qui jouent le titre souhaitent la poursuite du championnat, alors que ceux qui sont menac\u00e9s par la rel\u00e9gation pr\u00e9f\u00e8rent une saison blanche ! La LFP n&rsquo;est pas en mesure de dire aujourd\u2019hui s&rsquo;il y aura annulation ou non du championnat\u00a0\u00bb, avait-il indiqu\u00e9 dans une d\u00e9claration \u00e0 l\u2019APS.<\/strong><\/em><\/p>\n<\/blockquote>\n<p>En raison de la situation sanitaire actuelle au pays, le minist\u00e8re de la Jeunesse et des Sports\u00a0 a pris dimanche dernier la d\u00e9cision de suspendre toutes les manifestations sportives et de fermer toutes les infrastructures sportives, de jeunesse et de loisirs, jusqu&rsquo;au 5 avril.<\/p>\n<\/div>\n<p>Auteur:<br \/>\n<a href=\"http:\/\/www.aps.dz\/sport\/103263-foot-coronavirus-on-ne-veut-pas-d-une-saison-blanche?utm_source=feedburner&#038;utm_medium=feed&#038;utm_campaign=Feed%3A+aps-sport+%28APS+-+SPORT%29\">Cliquez ici pour lire l&rsquo;article depuis sa source.<\/a><\/p>\n","protected":false},"excerpt":{"rendered":"<p>ALGER &#8211; Le pr\u00e9sident de la F\u00e9d\u00e9ration alg\u00e9rienne de football (FAF), Khe\u00efreddine Zetchi, a refus\u00e9 vendredi l&rsquo;id\u00e9e de d\u00e9cr\u00e9ter une saison blanche en raison de la pand\u00e9mie du nouveau coronavirus (Covid-19), soulignant que son instance fera tout pour permettre \u00e0 la comp\u00e9tition d&rsquo;aller au bout. \u00ab\u00a0On ne veut pas d&rsquo;une saison blanche. Nous allons tout [&hellip;]<\/p>\n","protected":false},"author":1790,"featured_media":0,"comment_status":"closed","ping_status":"closed","sticky":false,"template":"","format":"standard","meta":{"fifu_image_url":"","fifu_image_alt":"","footnotes":""},"categories":[53,75],"tags":[],"class_list":["post-79636","post","type-post","status-publish","format-standard","hentry","category-algerie","category-sport"],"_links":{"self":[{"href":"https:\/\/linitiative.ca\/International\/wp-json\/wp\/v2\/posts\/79636","targetHints":{"allow":["GET"]}}],"collection":[{"href":"https:\/\/linitiative.ca\/International\/wp-json\/wp\/v2\/posts"}],"about":[{"href":"https:\/\/linitiative.ca\/International\/wp-json\/wp\/v2\/types\/post"}],"author":[{"embeddable":true,"href":"https:\/\/linitiative.ca\/International\/wp-json\/wp\/v2\/users\/1790"}],"replies":[{"embeddable":true,"href":"https:\/\/linitiative.ca\/International\/wp-json\/wp\/v2\/comments?post=79636"}],"version-history":[{"count":0,"href":"https:\/\/linitiative.ca\/International\/wp-json\/wp\/v2\/posts\/79636\/revisions"}],"wp:attachment":[{"href":"https:\/\/linitiative.ca\/International\/wp-json\/wp\/v2\/media?parent=79636"}],"wp:term":[{"taxonomy":"category","embeddable":true,"href":"https:\/\/linitiative.ca\/International\/wp-json\/wp\/v2\/categories?post=79636"},{"taxonomy":"post_tag","embeddable":true,"href":"https:\/\/linitiative.ca\/International\/wp-json\/wp\/v2\/tags?post=79636"}],"curies":[{"name":"wp","href":"https:\/\/api.w.org\/{rel}","templated":true}]}}