{"id":79639,"date":"2020-03-20T12:32:00","date_gmt":"2020-03-20T16:32:00","guid":{"rendered":"https:\/\/linitiative.ca\/International\/fatwas-cathodiques-via-certaines-chaines-satellitaires-le-ministere-des-affaires-religieuses-reagit\/"},"modified":"2020-03-20T12:32:00","modified_gmt":"2020-03-20T16:32:00","slug":"fatwas-cathodiques-via-certaines-chaines-satellitaires-le-ministere-des-affaires-religieuses-reagit","status":"publish","type":"post","link":"https:\/\/linitiative.ca\/International\/fatwas-cathodiques-via-certaines-chaines-satellitaires-le-ministere-des-affaires-religieuses-reagit\/","title":{"rendered":"FATWAS CATHODIQUES VIA CERTAINES CHAINES SATELLITAIRES\u00a0\u00bb : Le minist\u00e8re des Affaires religieuses r\u00e9agit"},"content":{"rendered":"<p><br id=\"sep_para_1\" class=\"sep_para access\"\/><\/p>\n<div id=\"para_1\" class=\"para_36058003 resize\">\n<div class=\"texte access firstletter\">Toute contribution, intervention ou consultation en mati\u00e8re d&rsquo;ex\u00e9g\u00e8se doit \u00eatre soumise \u00e0 une \u00ab\u00a0autorisation pr\u00e9alable\u00a0\u00bb du minist\u00e8re des Affaires religieuses et des Wakfs, a indiqu\u00e9 jeudi un communiqu\u00e9 conjoint du minist\u00e8re des Affaires religieuses et des Wakfs et celui de la Communication, en r\u00e9action \u00ab\u00a0aux d\u00e9rives ayant caract\u00e9ris\u00e9 r\u00e9cemment des fatwas cathodiques via certaines cha\u00eenes satellitaires\u00a0\u00bb. A l&rsquo;issue d&rsquo;une r\u00e9union de coordination consacr\u00e9e aux \u00ab\u00a0d\u00e9rives ayant caract\u00e9ris\u00e9 r\u00e9cemment certaines fatwas cathodiques via certaines cha\u00eenes satellitaires\u00a0\u00bb, le minist\u00e8res des Affaires religieuses et des Wakfs et celui de la Communication ont rappel\u00e9 aux \u00ab\u00a0m\u00e9dias audiovisuels et \u00e9crits, quel que soit le genre ou le mode d&rsquo;\u00e9dition\u00a0\u00bb, que \u00ab\u00a0toute contribution, toute intervention et toute consultation en mati\u00e8re d&rsquo;ex\u00e9g\u00e8se est soumise \u00e0 une autorisation pr\u00e9alable du minist\u00e8re des Affaires religieuses et des Wakfs\u00a0\u00bb. \u00ab\u00a0Les directeurs de publication et les responsables \u00e9ditoriaux \u00ab\u00a0doivent se conformer \u00e0 la loi et \u00e0 la r\u00e9glementation en vigueur pour mieux respecter l&rsquo;inviolabilit\u00e9 de la religion et la sacralit\u00e9 de la foi\u00a0\u00bb. Il s&rsquo;agit \u00e9galement de \u00ab\u00a0mieux pr\u00e9server la qui\u00e9tude et la s\u00e9r\u00e9nit\u00e9 des Alg\u00e9riennes et des Alg\u00e9riens que ne doivent pas perturber les d\u00e9viations, les falsifications et l&rsquo;obscurantisme, particuli\u00e8rement en cette phase exceptionnelle et critique\u00a0\u00bb, souligne la m\u00eame source. Les deux minist\u00e8res ont expliqu\u00e9 qu&rsquo;il s&rsquo;agit d'\u00a0\u00bbun contexte caract\u00e9ris\u00e9 par la propagation du Coronavirus et ce qu&rsquo;elle implique comme mesures rigoureuses de lutte et de pr\u00e9vention destin\u00e9es \u00e0 pr\u00e9server les vies des Alg\u00e9riennes et des Alg\u00e9riens et \u00e0 mettre un terme aux fatwas qui s\u00e8ment la \u00ab\u00a0fitna\u00a0\u00bb (discorde) et \u00e0 juguler l&rsquo;extr\u00e9misme nourri par des intrus et des imposteurs en mati\u00e8re d&rsquo;ex\u00e9g\u00e8se de la vulgate coranique et de la tradition proph\u00e9tique. La fitna est pire que le crime\u00a0\u00bb.\u00a0\u00a0<\/div>\n<\/div>\n<p>Auteur: Nadine<br \/>\n<a href=\"https:\/\/www.reflexiondz.net\/FATWAS-CATHODIQUES-VIA-CERTAINES-CHAINES-SATELLITAIRES-Le-ministere-des-Affaires-religieuses-reagit_a61395.html\">Cliquez ici pour lire l&rsquo;article depuis sa source.<\/a><\/p>\n","protected":false},"excerpt":{"rendered":"<p>Toute contribution, intervention ou consultation en mati\u00e8re d&rsquo;ex\u00e9g\u00e8se doit \u00eatre soumise \u00e0 une \u00ab\u00a0autorisation pr\u00e9alable\u00a0\u00bb du minist\u00e8re des Affaires religieuses et des Wakfs, a indiqu\u00e9 jeudi un communiqu\u00e9 conjoint du minist\u00e8re des Affaires religieuses et des Wakfs et celui de la Communication, en r\u00e9action \u00ab\u00a0aux d\u00e9rives ayant caract\u00e9ris\u00e9 r\u00e9cemment des fatwas cathodiques via certaines cha\u00eenes [&hellip;]<\/p>\n","protected":false},"author":1740,"featured_media":0,"comment_status":"closed","ping_status":"closed","sticky":false,"template":"","format":"standard","meta":{"fifu_image_url":"","fifu_image_alt":"","footnotes":""},"categories":[53,76],"tags":[],"class_list":["post-79639","post","type-post","status-publish","format-standard","hentry","category-algerie","category-regions"],"_links":{"self":[{"href":"https:\/\/linitiative.ca\/International\/wp-json\/wp\/v2\/posts\/79639","targetHints":{"allow":["GET"]}}],"collection":[{"href":"https:\/\/linitiative.ca\/International\/wp-json\/wp\/v2\/posts"}],"about":[{"href":"https:\/\/linitiative.ca\/International\/wp-json\/wp\/v2\/types\/post"}],"author":[{"embeddable":true,"href":"https:\/\/linitiative.ca\/International\/wp-json\/wp\/v2\/users\/1740"}],"replies":[{"embeddable":true,"href":"https:\/\/linitiative.ca\/International\/wp-json\/wp\/v2\/comments?post=79639"}],"version-history":[{"count":0,"href":"https:\/\/linitiative.ca\/International\/wp-json\/wp\/v2\/posts\/79639\/revisions"}],"wp:attachment":[{"href":"https:\/\/linitiative.ca\/International\/wp-json\/wp\/v2\/media?parent=79639"}],"wp:term":[{"taxonomy":"category","embeddable":true,"href":"https:\/\/linitiative.ca\/International\/wp-json\/wp\/v2\/categories?post=79639"},{"taxonomy":"post_tag","embeddable":true,"href":"https:\/\/linitiative.ca\/International\/wp-json\/wp\/v2\/tags?post=79639"}],"curies":[{"name":"wp","href":"https:\/\/api.w.org\/{rel}","templated":true}]}}