{"id":79640,"date":"2020-03-20T12:32:00","date_gmt":"2020-03-20T16:32:00","guid":{"rendered":"https:\/\/linitiative.ca\/International\/coronavirus-rebrab-propose-son-aide\/"},"modified":"2020-03-20T12:32:00","modified_gmt":"2020-03-20T16:32:00","slug":"coronavirus-rebrab-propose-son-aide","status":"publish","type":"post","link":"https:\/\/linitiative.ca\/International\/coronavirus-rebrab-propose-son-aide\/","title":{"rendered":"Coronavirus : Rebrab propose son aide"},"content":{"rendered":"<p><br id=\"sep_para_1\" class=\"sep_para access\"\/><\/p>\n<div id=\"para_1\" class=\"para_36058024 resize\">\n<div class=\"texte access firstletter\">Le patron du groupe Cevital , l\u2019Homme d\u2019affaires Isaad Rabrab s\u2019exprim\u00e9\u00a0 via les r\u00e9seaux sociaux en publiant un post dont il s\u2019est dit \u00ab pr\u00eat \u00bb \u00e0 apporter sa contribution afin de lutter contre le nouveau coronavirus et sa propagation en Alg\u00e9rie. \u00ab L\u2019Alg\u00e9rie traverse des moments difficiles en raison de l\u2019\u00e9pid\u00e9mie du Covid19. Le \u00ab Groupe Cevital \u00ab est pr\u00eat \u00e0 apporter sa contribution aux efforts consacr\u00e9s \u00e0 la lutte contre cette crise que conna\u00eet notre pays \u00bb, d\u00e9clare le Pr\u00e9sident fondateur du Groupe Cevital.<\/div>\n<\/div>\n<p>Auteur: R\u00e9flexion<br \/>\n<a href=\"https:\/\/www.reflexiondz.net\/Coronavirus-Rebrab-propose-son-aide_a61400.html\">Cliquez ici pour lire l&rsquo;article depuis sa source.<\/a><\/p>\n","protected":false},"excerpt":{"rendered":"<p>Le patron du groupe Cevital , l\u2019Homme d\u2019affaires Isaad Rabrab s\u2019exprim\u00e9\u00a0 via les r\u00e9seaux sociaux en publiant un post dont il s\u2019est dit \u00ab pr\u00eat \u00bb \u00e0 apporter sa contribution afin de lutter contre le nouveau coronavirus et sa propagation en Alg\u00e9rie. \u00ab L\u2019Alg\u00e9rie traverse des moments difficiles en raison de l\u2019\u00e9pid\u00e9mie du Covid19. Le [&hellip;]<\/p>\n","protected":false},"author":1740,"featured_media":0,"comment_status":"closed","ping_status":"closed","sticky":false,"template":"","format":"standard","meta":{"fifu_image_url":"","fifu_image_alt":"","footnotes":""},"categories":[53,76],"tags":[],"class_list":["post-79640","post","type-post","status-publish","format-standard","hentry","category-algerie","category-regions"],"_links":{"self":[{"href":"https:\/\/linitiative.ca\/International\/wp-json\/wp\/v2\/posts\/79640","targetHints":{"allow":["GET"]}}],"collection":[{"href":"https:\/\/linitiative.ca\/International\/wp-json\/wp\/v2\/posts"}],"about":[{"href":"https:\/\/linitiative.ca\/International\/wp-json\/wp\/v2\/types\/post"}],"author":[{"embeddable":true,"href":"https:\/\/linitiative.ca\/International\/wp-json\/wp\/v2\/users\/1740"}],"replies":[{"embeddable":true,"href":"https:\/\/linitiative.ca\/International\/wp-json\/wp\/v2\/comments?post=79640"}],"version-history":[{"count":0,"href":"https:\/\/linitiative.ca\/International\/wp-json\/wp\/v2\/posts\/79640\/revisions"}],"wp:attachment":[{"href":"https:\/\/linitiative.ca\/International\/wp-json\/wp\/v2\/media?parent=79640"}],"wp:term":[{"taxonomy":"category","embeddable":true,"href":"https:\/\/linitiative.ca\/International\/wp-json\/wp\/v2\/categories?post=79640"},{"taxonomy":"post_tag","embeddable":true,"href":"https:\/\/linitiative.ca\/International\/wp-json\/wp\/v2\/tags?post=79640"}],"curies":[{"name":"wp","href":"https:\/\/api.w.org\/{rel}","templated":true}]}}