{"id":79641,"date":"2020-03-20T12:32:00","date_gmt":"2020-03-20T16:32:00","guid":{"rendered":"https:\/\/linitiative.ca\/International\/tribunal-de-blida-report-du-proces-de-abdelghani-hamel\/"},"modified":"2020-03-20T12:32:00","modified_gmt":"2020-03-20T16:32:00","slug":"tribunal-de-blida-report-du-proces-de-abdelghani-hamel","status":"publish","type":"post","link":"https:\/\/linitiative.ca\/International\/tribunal-de-blida-report-du-proces-de-abdelghani-hamel\/","title":{"rendered":"TRIBUNAL DE BLIDA : Report du proc\u00e8s  de Abdelghani Hamel"},"content":{"rendered":"<p><br id=\"sep_para_1\" class=\"sep_para access\"\/><\/p>\n<div id=\"para_1\" class=\"para_36058004 resize\">\n<div class=\"texte access firstletter\">Le juge pr\u00e8s le tribunal de Blida a d\u00e9cid\u00e9, jeudi, le report pour la 2\u00e8me fois cons\u00e9cutive du proc\u00e8s de l&rsquo;affaire impliquant Abdelghani Hamel, ancien Directeur g\u00e9n\u00e9ral de la S\u00fbret\u00e9 nationale (DGSN), et Noureddine Berrachdi, ancien chef de S\u00fbret\u00e9 de la wilaya d&rsquo;Alger, au 9 avril prochain. La d\u00e9cision de ce 2\u00e8me report du proc\u00e8s a \u00e9t\u00e9 prise \u00e0 la demande du collectif de d\u00e9fense des accus\u00e9s, qui a invoqu\u00e9 plusieurs motifs, dont l&rsquo;absence du t\u00e9moin principal, l&rsquo;ancien ministre de la Justice, Tayeb Louh (d\u00e9tenu actuellement), en raison de son \u00e9tat de sante n\u00e9cessitant une intervention chirurgicale, selon une attestation m\u00e9dicale pr\u00e9sent\u00e9e au tribunal, outre la \u00ab\u00a0non r\u00e9union des conditions d\u2019un proc\u00e8s public, \u00e0 cause de la situation sanitaire que le pays traverse \u00ab\u00a0. Le m\u00eame collectif de d\u00e9fense a, \u00e9galement, \u00e9voqu\u00e9 des craintes li\u00e9es au risque de propagation du coronavirus parmi l\u2019assistance, marqu\u00e9e par la pr\u00e9sence d\u2019un grand nombre de t\u00e9moins, des parties en jugement, et des agents de s\u00e9curit\u00e9, et ce en d\u00e9pit de la demande \u00e9mise par l\u2019accus\u00e9 Berrachdi d\u2019\u00eatre jug\u00e9. Les deux accus\u00e9s Abdelghani Hamel et Noureddine Berrachdi, qui ont assist\u00e9 \u00e0 l\u2019audience de ce jeudi, sont poursuivis pour \u00ab\u00a0abus de fonction pour l\u2019obtention d\u2019indus privil\u00e8ges \u00e0 caract\u00e8re professionnel en vue de la pr\u00e9servation du poste de directeur g\u00e9n\u00e9ral de la S\u00fbret\u00e9 nationale (DGSN) ou d\u2019un poste sup\u00e9rieur en vertu de l\u2019article 33 de la loi relative \u00e0 la pr\u00e9vention et la lutte contre la corruption\u00a0\u00bb.\u00a0<\/div>\n<\/div>\n<p>Auteur: Nadine<br \/>\n<a href=\"https:\/\/www.reflexiondz.net\/TRIBUNAL-DE-BLIDA-Report-du-proces-de-Abdelghani-Hamel_a61396.html\">Cliquez ici pour lire l&rsquo;article depuis sa source.<\/a><\/p>\n","protected":false},"excerpt":{"rendered":"<p>Le juge pr\u00e8s le tribunal de Blida a d\u00e9cid\u00e9, jeudi, le report pour la 2\u00e8me fois cons\u00e9cutive du proc\u00e8s de l&rsquo;affaire impliquant Abdelghani Hamel, ancien Directeur g\u00e9n\u00e9ral de la S\u00fbret\u00e9 nationale (DGSN), et Noureddine Berrachdi, ancien chef de S\u00fbret\u00e9 de la wilaya d&rsquo;Alger, au 9 avril prochain. La d\u00e9cision de ce 2\u00e8me report du proc\u00e8s [&hellip;]<\/p>\n","protected":false},"author":1740,"featured_media":0,"comment_status":"closed","ping_status":"closed","sticky":false,"template":"","format":"standard","meta":{"fifu_image_url":"","fifu_image_alt":"","footnotes":""},"categories":[53,76],"tags":[],"class_list":["post-79641","post","type-post","status-publish","format-standard","hentry","category-algerie","category-regions"],"_links":{"self":[{"href":"https:\/\/linitiative.ca\/International\/wp-json\/wp\/v2\/posts\/79641","targetHints":{"allow":["GET"]}}],"collection":[{"href":"https:\/\/linitiative.ca\/International\/wp-json\/wp\/v2\/posts"}],"about":[{"href":"https:\/\/linitiative.ca\/International\/wp-json\/wp\/v2\/types\/post"}],"author":[{"embeddable":true,"href":"https:\/\/linitiative.ca\/International\/wp-json\/wp\/v2\/users\/1740"}],"replies":[{"embeddable":true,"href":"https:\/\/linitiative.ca\/International\/wp-json\/wp\/v2\/comments?post=79641"}],"version-history":[{"count":0,"href":"https:\/\/linitiative.ca\/International\/wp-json\/wp\/v2\/posts\/79641\/revisions"}],"wp:attachment":[{"href":"https:\/\/linitiative.ca\/International\/wp-json\/wp\/v2\/media?parent=79641"}],"wp:term":[{"taxonomy":"category","embeddable":true,"href":"https:\/\/linitiative.ca\/International\/wp-json\/wp\/v2\/categories?post=79641"},{"taxonomy":"post_tag","embeddable":true,"href":"https:\/\/linitiative.ca\/International\/wp-json\/wp\/v2\/tags?post=79641"}],"curies":[{"name":"wp","href":"https:\/\/api.w.org\/{rel}","templated":true}]}}