{"id":79643,"date":"2020-03-20T12:32:00","date_gmt":"2020-03-20T16:32:00","guid":{"rendered":"https:\/\/linitiative.ca\/International\/karim-tabbou-appelle-a-la-suspension-du-hirak\/"},"modified":"2020-03-20T12:32:00","modified_gmt":"2020-03-20T16:32:00","slug":"karim-tabbou-appelle-a-la-suspension-du-hirak","status":"publish","type":"post","link":"https:\/\/linitiative.ca\/International\/karim-tabbou-appelle-a-la-suspension-du-hirak\/","title":{"rendered":"Karim Tabbou appelle \u00e0 la suspension du Hirak"},"content":{"rendered":"<p><br id=\"sep_para_1\" class=\"sep_para access\"\/><\/p>\n<div id=\"para_1\" class=\"para_36058022 resize\">\n<div class=\"texte access firstletter\">Karim Tabbou s\u2019est exprim\u00e9 depuis sa cellule sur le coronavirus, en lan\u00e7ant en effet un appel \u00e0 la suspension temporaire des marches et rassemblements du Hirak \u00e0 la veille d\u2019un vendredi particuli\u00e8rement redoutable en raison de l\u2019ent\u00eatement de certains irr\u00e9ductibles. Ainsi, dans son message\u00a0 post\u00e9 sur la page Facebook de son fr\u00e8re Djaffar, Karim Tabbou estime, lucide, \u00abseul le respect strict des r\u00e8gles de l\u2019hygi\u00e8ne et de distanciation sociale sont \u00e0 m\u00eame de r\u00e9duire la propagation du Covid19(\u2026) pour pr\u00e9server la sant\u00e9 de nos concitoyens, je joins ma voix \u00e0 toutes celles qui appellent \u00e0 la suspension des marches et rassemblements du Hirak, et ce durant toute cette \u00e9preuve que vit l\u2019humanit\u00e9 enti\u00e8re\u00bb. Et d\u2019ajouter : \u00abpendant plus d\u2019une ann\u00e9e, nous avons men\u00e9 collectivement une r\u00e9volution pacifique exceptionnelle et enthousiaste. Nous l\u2019avons men\u00e9e avec une maturit\u00e9 politique et un esprit de responsabilit\u00e9 incontestables. Aujourd\u2019hui et face \u00e0 ce risque majeur, nous devons faire preuve d\u2019intelligence pour pr\u00e9server nos acquis, ainsi que pour assurer les perspectives de nos actions \u00e0 venir\u00bb.<\/div>\n<\/div>\n<p>Auteur: R\u00e9flexion<br \/>\n<a href=\"https:\/\/www.reflexiondz.net\/Karim-Tabbou-appelle-a-la-suspension-du-Hirak_a61399.html\">Cliquez ici pour lire l&rsquo;article depuis sa source.<\/a><\/p>\n","protected":false},"excerpt":{"rendered":"<p>Karim Tabbou s\u2019est exprim\u00e9 depuis sa cellule sur le coronavirus, en lan\u00e7ant en effet un appel \u00e0 la suspension temporaire des marches et rassemblements du Hirak \u00e0 la veille d\u2019un vendredi particuli\u00e8rement redoutable en raison de l\u2019ent\u00eatement de certains irr\u00e9ductibles. Ainsi, dans son message\u00a0 post\u00e9 sur la page Facebook de son fr\u00e8re Djaffar, Karim Tabbou [&hellip;]<\/p>\n","protected":false},"author":1740,"featured_media":0,"comment_status":"closed","ping_status":"closed","sticky":false,"template":"","format":"standard","meta":{"fifu_image_url":"","fifu_image_alt":"","footnotes":""},"categories":[53,76],"tags":[],"class_list":["post-79643","post","type-post","status-publish","format-standard","hentry","category-algerie","category-regions"],"_links":{"self":[{"href":"https:\/\/linitiative.ca\/International\/wp-json\/wp\/v2\/posts\/79643","targetHints":{"allow":["GET"]}}],"collection":[{"href":"https:\/\/linitiative.ca\/International\/wp-json\/wp\/v2\/posts"}],"about":[{"href":"https:\/\/linitiative.ca\/International\/wp-json\/wp\/v2\/types\/post"}],"author":[{"embeddable":true,"href":"https:\/\/linitiative.ca\/International\/wp-json\/wp\/v2\/users\/1740"}],"replies":[{"embeddable":true,"href":"https:\/\/linitiative.ca\/International\/wp-json\/wp\/v2\/comments?post=79643"}],"version-history":[{"count":0,"href":"https:\/\/linitiative.ca\/International\/wp-json\/wp\/v2\/posts\/79643\/revisions"}],"wp:attachment":[{"href":"https:\/\/linitiative.ca\/International\/wp-json\/wp\/v2\/media?parent=79643"}],"wp:term":[{"taxonomy":"category","embeddable":true,"href":"https:\/\/linitiative.ca\/International\/wp-json\/wp\/v2\/categories?post=79643"},{"taxonomy":"post_tag","embeddable":true,"href":"https:\/\/linitiative.ca\/International\/wp-json\/wp\/v2\/tags?post=79643"}],"curies":[{"name":"wp","href":"https:\/\/api.w.org\/{rel}","templated":true}]}}