{"id":79647,"date":"2020-03-20T14:14:00","date_gmt":"2020-03-20T18:14:00","guid":{"rendered":"https:\/\/linitiative.ca\/International\/dr-sofiane-zribi-la-peur-sans-forme-ou-ce-que-lepidemie-reveille-en-nous\/"},"modified":"2020-03-20T14:14:00","modified_gmt":"2020-03-20T18:14:00","slug":"dr-sofiane-zribi-la-peur-sans-forme-ou-ce-que-lepidemie-reveille-en-nous","status":"publish","type":"post","link":"https:\/\/linitiative.ca\/International\/dr-sofiane-zribi-la-peur-sans-forme-ou-ce-que-lepidemie-reveille-en-nous\/","title":{"rendered":"Dr Sofiane Zribi &#8211; La peur sans forme, ou ce que l&rsquo;\u00e9pid\u00e9mie r\u00e9veille en nous"},"content":{"rendered":"<p>Le combat de l\u2019homme disait Freud, c\u2019est la gestion perp\u00e9tuelle de ses pulsions de vie et ses pulsions de mort, qui marchent toujours au pas, en contigu\u00eft\u00e9, sans que jamais la s\u00e9curit\u00e9 ne l\u00e8ve la peur de la menace ou que le plaisir de vivre ne l\u00e8ve la peur d\u2019en mourir. La tyrannie du d\u00e9sir le pousse \u00e0 vivre l\u2019illusion de l\u2019\u00e9ternit\u00e9 que vite temp\u00e8re la fragilit\u00e9 du corps mat\u00e9riel, o\u00f9 il habite.<\/p>\n<h2>Guerres et \u00e9pid\u00e9mies<\/h2>\n<p>Il y a encore deux cents ans, ce qui faisait le plus peur \u00e0 l\u2019humain, c\u2019\u00e9tait l\u2019\u00e9pid\u00e9mie et la guerre. Toutes deux pourvoyeuses de mort et de d\u00e9solation. L\u2019histoire, \u00e0 c\u00f4t\u00e9 des guerres sanglantes qui peuplent ses r\u00e9cits, rapporte toujours les souvenirs atroces d\u2019\u00e9pid\u00e9mies qui ont ravag\u00e9es les continents\u00a0: variole, peste, typhus, fi\u00e8vre jaune\u2026 et plus proche de nous grippe espagnole et Sida.<\/p>\n<p>A titre de rappel, la grippe espagnole qui a surtout s\u00e9vit aux Etats-Unis d&rsquo;Am\u00e9rique et en Europe, a fait au d\u00e9cours de la premi\u00e8re guerre mondiale, selon l\u2019Institut Pasteur entre 50 et 100 millions de morts et dont une variante du virus qui l\u2019a provoqu\u00e9e H1N1 est encore active aujourd\u2019hui.<\/p>\n<p>Mais jamais une \u00e9pid\u00e9mie n\u2019a pris une allure aussi globale touchant les humains de mani\u00e8re indiscrimin\u00e9e et \u00e0 l\u2019expansion aussi rapide. D\u00e9sormais, l\u2019humanit\u00e9 fait face toute enti\u00e8re \u00e0 un m\u00eame danger et subit le m\u00eame sort.<\/p>\n<h2>Sciences, modernit\u00e9 et religions<\/h2>\n<p>L\u2019homme moderne, en misant tout sur la science et l\u2019universalit\u00e9 des valeurs humaines, s\u2019est cru d\u00e9finitivement \u00e0 l\u2019abri des conflits arm\u00e9s et de la maladie. Ou du moins, il se plait \u00e0 le croire\u00a0!<\/p>\n<p>Nous savons tous qu\u2019il n\u2019en n\u2019est rien\u00a0! L\u2019homme n\u2019a jamais cess\u00e9 d\u2019\u00eatre belliqueux et les budgets colossaux des arm\u00e9es de tous les pays sont l\u00e0 pour t\u00e9moigner que la diplomatie n\u2019est qu\u2019une facette pour temp\u00e9rer le gout du sang. La m\u00e9decine moderne, de son c\u00f4t\u00e9, loin de lib\u00e9rer l\u2019homme de la fatalit\u00e9 de la mort, n\u2019a fait qu\u2019en retarder l\u2019\u00e9ch\u00e9ance sans exaucer son r\u00eave d\u2019immortalit\u00e9\u00a0!<\/p>\n<p>En r\u00e9alit\u00e9, l\u2019homme est par nature croyant. Pascal Boyer, dans son excellent ouvrage \u00ab\u00a0<strong><span class=\"c2\">Et l\u2019homme cr\u00e9a les Dieux<\/span><\/strong>\u00a0\u00bb montre bien que le processus de croyance est immanent \u00e0 la pens\u00e9e humaine, qui a besoin d\u2019un r\u00e9f\u00e9rentiel explicatif, pour pouvoir d\u00e9ployer son intelligence.<\/p>\n<p>Durant des mill\u00e9naires, ce r\u00e9f\u00e9rentiel \u00e9tait fourni par les religions.<\/p>\n<p>L\u2019homme post moderne qui croit au pouvoir de la science et \u00e0 la force de la d\u00e9mocratie s\u2019est petit \u00e0 petit d\u00e9barrass\u00e9 du poids de la croyance mystique pour la remplacer par la qu\u00eate scientifique. Son monde est 100% mat\u00e9riel et la soci\u00e9t\u00e9 est g\u00e9r\u00e9e par des lois sur lesquelles il a une influence.<\/p>\n<h2>L\u2019homme post moderne v\u00e9n\u00e8re la science comme ses\u00a0a\u00efeux\u00a0v\u00e9n\u00e9raient les Dieux<\/h2>\n<p>Il croit en ses pouvoirs et ses miracles de la m\u00eame mani\u00e8re que l\u2019indous croit aux pouvoirs de Bouddha ou le chr\u00e9tien \u00e0 celui des pr\u00eatres.<br \/>Les soci\u00e9t\u00e9s religieuses classiques peinent \u00e0 peser face \u00e0 la force d\u00e9ferlante des soci\u00e9t\u00e9s mat\u00e9rialistes et face \u00e0 l&rsquo;intelligence qu&rsquo;elles produisent.<\/p>\n<p>Ce s\u00e9isme social \u00e0 l&rsquo;\u00e9chelle de l&rsquo;univers est acclam\u00e9 par certains mais fortement refus\u00e9 par d&rsquo;autres surtout ceux qui n&rsquo;arrivent pas \u00e0 prendre pied dans le train du savoir et la science ni \u00e0 pouvoir ou vouloir en partager les valeurs d\u00e9mocratiques et de droit.<\/p>\n<p>Le combat des moines bouddhistes, des ultras, juifs, chr\u00e9tiens ou musulmans ; chacun \u00e0 sa mani\u00e8re et \u00e0 son niveau de violence ; traduit la profonde anxi\u00e9t\u00e9 existentielle du religieux face \u00e0 cette mutation implacable de son univers.<\/p>\n<h2>Le scientifique a pris pied sur le mystique dans notre inconscient<\/h2>\n<p>Ce qui se passe chez nous aujourd\u2019hui avec la pand\u00e9mie du coronavirus montre \u00e0 quel point le scientifique a pris pied sur le mystique dans notre inconscient et combien la science avec ses lois et ses chiffres est devenue de fait la gestionnaire de notre existence.<\/p>\n<p>D\u00e9sormais nous suivons les courbes de progression de la pand\u00e9mie, on apprend ce qu\u2019est une exponentielle et une suite g\u00e9om\u00e9trique, on diss\u00e8que les erreurs et les succ\u00e8s de chaque pays, on guette la fabrication d\u2019un vaccin ou le succ\u00e8s d\u2019un essai avec tel ou tel m\u00e9dicament.<\/p>\n<p>Les fronti\u00e8res de race ou de religion ont soudain disparu, on acclame les chinois, on bl\u00e2me les italiens, on scrute l\u2019exp\u00e9rience des Fran\u00e7ais et on se moque du \u00ab\u00a0poils de carotte am\u00e9ricain\u00a0\u00bb<\/p>\n<p>M\u00eame notre ministre de la Sant\u00e9, pourtant membre de premier plan d\u2019un parti religieux a mis le langage de pr\u00eache islamique habituel dans sa poche comme si soudain un consensus universel s\u2019est d\u00e9gag\u00e9 par le miracle de la pand\u00e9mie\u00a0: c\u2019est \u00e0 la science et \u00e0 elle seule que revient la gestion de la vie de l\u2019humain.<\/p>\n<p class=\"c3\"><strong><span class=\"c2\">Les mosqu\u00e9es comme les \u00e9glises sentent bien le souffle du boulet. Les victimes seront nombreuses mais \u00e7a ne seraient pas uniquement celles \u00e0 qui on pense\u00a0!<\/span><\/strong><\/p>\n<p>Les mosqu\u00e9es comme les \u00e9glises priv\u00e9es de fid\u00e8les sentent bien le souffle du boulet qui d\u00e9ferle. En Italie, les \u00e9glises ne cessent de faire sonner leurs clochers, chez nous les mosqu\u00e9es \u00e0 diffuser par hauts parleurs des Douaa.<\/p>\n<p>Il semble bien qu\u2019apr\u00e8s cette \u00e9pid\u00e9mie, o\u00f9 le pouvoir des blouses blanches s\u2019est affermi d\u2019une mani\u00e8re consid\u00e9rable et avec eux celui de la science dans l\u2019esprit de l\u2019humain, rien ne sera plus comme avant. Les victimes seront nombreuses, pas en seulement en nombre de mort qu\u2019on souhaite le plus bas possible, mais les vraies autres victimes ne sont pas celles qu\u2019on suppose\u00a0: Pour commencer\u00a0: Les soci\u00e9t\u00e9s g\u00e9r\u00e9es sur un mode purement capitaliste o\u00f9 la croissance \u00e0 tout va est une religion et le productivisme une r\u00e8gle, qui n\u00e9gligent les points de rupture de la terre et ses capacit\u00e9s d\u2019autor\u00e9gulation, vont subir un s\u00e9rieux d\u00e9menti et leur id\u00e9ologie point\u00e9e globalement du doigt\u00a0!<\/p>\n<p>Donald Trump a de vraies raisons de s\u2019inqui\u00e9ter pour son avenir politique, tous ses arguments tombent \u00e0 l\u2019eau face aux millions d\u2019am\u00e9ricains confin\u00e9s chez eux, d\u00e9sesp\u00e9r\u00e9s de voir la machine productiviste s\u2019enrayer et d\u00e9boussol\u00e9s par un syst\u00e8me de sant\u00e9 \u00e9litistes qui laisse le virus s\u2019attaquer aux plus faibles appelant de leurs v\u0153ux le retour du Medicare d\u2019OBAMA. Il est tout \u00e0 parier que de m\u00eame l\u2019Europe tout enti\u00e8re va basculer en faveur des partis \u00e9cologiques et vers un mod\u00e8le soci\u00e9tal encore plus solidaire et humain.<\/p>\n<p>Cons\u00e9quence et non la moindre, les besoins en gaz et en p\u00e9trole vont progressivement diminuer, ce qui va affoler et affaiblir beaucoup de pays comme la Russie ou les pays du Golfe et les pr\u00e9cipiter dans une crise financi\u00e8re grave annonciatrice de changements profonds et radicaux.<\/p>\n<p>M\u00eame la Chine, o\u00f9 le pouvoir en place essaye de camoufler ses lacunes en d\u00e9but d\u2019\u00e9pid\u00e9mie n\u2019en sortira pas indemne, sauf que ce pouvoir a eu l\u2019intelligence de se parer depuis belle lurette du mat\u00e9rialisme scientifique.<\/p>\n<h2>Et pour nous\u00a0?<\/h2>\n<p>Pour nous, cette pand\u00e9mie sonnera le glas des partis religieux, et provoquera une p\u00e9riode d\u2019incertitude pour faire apparaitre une ou deux forces politiques mod\u00e9r\u00e9es et modernes en phase avec les changements que les autres parties du monde vont avoir \u00e0 vivre.<\/p>\n<p>Ceci ne veut pas dire comme le supposait Francis Fukayama, la perte du sentiment religieux, bien au contraire, le sentiment religieux restera fort sur un plan individuel mais perdra de sa force sur un plan soci\u00e9tal, politique ou universel.<\/p>\n<h2>L\u2019humanit\u00e9 va subir une psychoth\u00e9rapie de groupe<\/h2>\n<p>Les humains, seront plus tol\u00e9rants les uns avec les autres ayant eu \u00e0 affronter un ennemi commun. Les liens entre les peuples seront plus fort et il est probable qu\u2019\u00e0 l\u2019\u00e9chelle individuelle la question raciale deviendra mineure.<\/p>\n<p>Par la gr\u00e2ce du Covid-19, les humains vont subir une psychoth\u00e9rapie de groupe et \u00e9voluer sur le plan collectif, affectif et cognitif. C\u2019est une \u00e9volution globale \u00e0 l\u2019\u00e9chelle de cette pand\u00e9mie globale. Il y aura un avant et un apr\u00e8s Coronavirus. L\u2019apr\u00e8s j\u2019en suis s\u00fbr sera ben meilleur que l\u2019avant.<\/p>\n<p><strong>Dr Sofiane Zribi<\/strong><br \/>\u00a0<\/p>\n<p>Auteur:<br \/>\n<a href=\"https:\/\/www.leaders.com.tn\/article\/29415-dr-sofiane-zribi-la-peur-sans-forme-ou-ce-que-l-epidemie-reveille-en-nous\">Cliquez ici pour lire l&rsquo;article depuis sa source.<\/a><\/p>\n","protected":false},"excerpt":{"rendered":"<p>Le combat de l\u2019homme disait Freud, c\u2019est la gestion perp\u00e9tuelle de ses pulsions de vie et ses pulsions de mort, qui marchent toujours au pas, en contigu\u00eft\u00e9, sans que jamais la s\u00e9curit\u00e9 ne l\u00e8ve la peur de la menace ou que le plaisir de vivre ne l\u00e8ve la peur d\u2019en mourir. La tyrannie du d\u00e9sir [&hellip;]<\/p>\n","protected":false},"author":1772,"featured_media":0,"comment_status":"closed","ping_status":"closed","sticky":false,"template":"","format":"standard","meta":{"fifu_image_url":"","fifu_image_alt":"","footnotes":""},"categories":[73,55],"tags":[],"class_list":["post-79647","post","type-post","status-publish","format-standard","hentry","category-actualite","category-tunisie"],"_links":{"self":[{"href":"https:\/\/linitiative.ca\/International\/wp-json\/wp\/v2\/posts\/79647","targetHints":{"allow":["GET"]}}],"collection":[{"href":"https:\/\/linitiative.ca\/International\/wp-json\/wp\/v2\/posts"}],"about":[{"href":"https:\/\/linitiative.ca\/International\/wp-json\/wp\/v2\/types\/post"}],"author":[{"embeddable":true,"href":"https:\/\/linitiative.ca\/International\/wp-json\/wp\/v2\/users\/1772"}],"replies":[{"embeddable":true,"href":"https:\/\/linitiative.ca\/International\/wp-json\/wp\/v2\/comments?post=79647"}],"version-history":[{"count":0,"href":"https:\/\/linitiative.ca\/International\/wp-json\/wp\/v2\/posts\/79647\/revisions"}],"wp:attachment":[{"href":"https:\/\/linitiative.ca\/International\/wp-json\/wp\/v2\/media?parent=79647"}],"wp:term":[{"taxonomy":"category","embeddable":true,"href":"https:\/\/linitiative.ca\/International\/wp-json\/wp\/v2\/categories?post=79647"},{"taxonomy":"post_tag","embeddable":true,"href":"https:\/\/linitiative.ca\/International\/wp-json\/wp\/v2\/tags?post=79647"}],"curies":[{"name":"wp","href":"https:\/\/api.w.org\/{rel}","templated":true}]}}