{"id":79649,"date":"2020-03-20T16:46:00","date_gmt":"2020-03-20T20:46:00","guid":{"rendered":"https:\/\/linitiative.ca\/International\/officiel-confinement-total-de-deux-semaine-en-tunisie-a-compter-de-ce-dimanche-22-mars-jusquau-4-avril\/"},"modified":"2020-03-20T16:46:00","modified_gmt":"2020-03-20T20:46:00","slug":"officiel-confinement-total-de-deux-semaine-en-tunisie-a-compter-de-ce-dimanche-22-mars-jusquau-4-avril","status":"publish","type":"post","link":"https:\/\/linitiative.ca\/International\/officiel-confinement-total-de-deux-semaine-en-tunisie-a-compter-de-ce-dimanche-22-mars-jusquau-4-avril\/","title":{"rendered":"Officiel \u2013 Confinement total de deux semaine en Tunisie \u00e0 compter de ce dimanche 22 mars jusqu\u2019au 4 avril"},"content":{"rendered":"<p>La Tunisie s\u2019est finalement r\u00e9solue \u00e0 d\u00e9cr\u00e9ter un confinement total de deux semaines, \u00e0 compter de ce dimanche 22 mars jusqu\u2019au samedi 4 avril. C&rsquo;est ce qu&rsquo;annonce la pr\u00e9sidence du gouvernement dans un communiqu\u00e9 officiel publi\u00e9 vendredi tard dans la soir\u00e9e. Le texte pr\u00e9cise que les citoyens\u00a0 sont tenus de\u00a0 ne\u00a0 pas quitter leur domicile sauf pour accomplir des besoins urgents et dans les cas d\u2019extr\u00eame urgence, tel que des courses d\u2019approvisionnement ou des soins. Les personnes exer\u00e7ant dans certains secteurs b\u00e9n\u00e9ficieront cependant d\u2019une d\u00e9rogation, selon une liste qui sera d\u00e9finie, tant pour le secteur public ou celui priv\u00e9.<\/p>\n<p>Les activit\u00e9s essentielles seront maintenues, notamment pour ce qui est de l\u2019alimentation, la sant\u00e9, l\u2019administration, la justice, la s\u00e9curit\u00e9, l\u2019\u00e9nergie, l\u2019eau, le transport, les m\u00e9dias, les t\u00e9l\u00e9coms, la propret\u00e9 et les activit\u00e9s industrielles vitales, poursuit le communiqu\u00e9.<\/p>\n<p>Des mesures d\u2019accompagnement, \u00e9conomiques et sociales seront annonc\u00e9es samedi.<br \/>\u00a0<\/p>\n<p>Auteur:<br \/>\n<a href=\"https:\/\/www.leaders.com.tn\/article\/29418-officiel-confinement-total-de-deux-semaine-en-tunisie-a-compter-de-ce-dimanche-22-mars-jusqu-au-4-avril\">Cliquez ici pour lire l&rsquo;article depuis sa source.<\/a><\/p>\n","protected":false},"excerpt":{"rendered":"<p>La Tunisie s\u2019est finalement r\u00e9solue \u00e0 d\u00e9cr\u00e9ter un confinement total de deux semaines, \u00e0 compter de ce dimanche 22 mars jusqu\u2019au samedi 4 avril. C&rsquo;est ce qu&rsquo;annonce la pr\u00e9sidence du gouvernement dans un communiqu\u00e9 officiel publi\u00e9 vendredi tard dans la soir\u00e9e. Le texte pr\u00e9cise que les citoyens\u00a0 sont tenus de\u00a0 ne\u00a0 pas quitter leur domicile [&hellip;]<\/p>\n","protected":false},"author":1772,"featured_media":0,"comment_status":"closed","ping_status":"closed","sticky":false,"template":"","format":"standard","meta":{"fifu_image_url":"","fifu_image_alt":"","footnotes":""},"categories":[73,55],"tags":[],"class_list":["post-79649","post","type-post","status-publish","format-standard","hentry","category-actualite","category-tunisie"],"_links":{"self":[{"href":"https:\/\/linitiative.ca\/International\/wp-json\/wp\/v2\/posts\/79649","targetHints":{"allow":["GET"]}}],"collection":[{"href":"https:\/\/linitiative.ca\/International\/wp-json\/wp\/v2\/posts"}],"about":[{"href":"https:\/\/linitiative.ca\/International\/wp-json\/wp\/v2\/types\/post"}],"author":[{"embeddable":true,"href":"https:\/\/linitiative.ca\/International\/wp-json\/wp\/v2\/users\/1772"}],"replies":[{"embeddable":true,"href":"https:\/\/linitiative.ca\/International\/wp-json\/wp\/v2\/comments?post=79649"}],"version-history":[{"count":0,"href":"https:\/\/linitiative.ca\/International\/wp-json\/wp\/v2\/posts\/79649\/revisions"}],"wp:attachment":[{"href":"https:\/\/linitiative.ca\/International\/wp-json\/wp\/v2\/media?parent=79649"}],"wp:term":[{"taxonomy":"category","embeddable":true,"href":"https:\/\/linitiative.ca\/International\/wp-json\/wp\/v2\/categories?post=79649"},{"taxonomy":"post_tag","embeddable":true,"href":"https:\/\/linitiative.ca\/International\/wp-json\/wp\/v2\/tags?post=79649"}],"curies":[{"name":"wp","href":"https:\/\/api.w.org\/{rel}","templated":true}]}}