{"id":79651,"date":"2020-03-20T16:14:35","date_gmt":"2020-03-20T20:14:35","guid":{"rendered":"https:\/\/linitiative.ca\/International\/coronavirus-vivo-energy-maroc-sassocie-a-lelan-de-solidarite-nationale\/"},"modified":"2020-03-20T16:14:35","modified_gmt":"2020-03-20T20:14:35","slug":"coronavirus-vivo-energy-maroc-sassocie-a-lelan-de-solidarite-nationale","status":"publish","type":"post","link":"https:\/\/linitiative.ca\/International\/coronavirus-vivo-energy-maroc-sassocie-a-lelan-de-solidarite-nationale\/","title":{"rendered":"Coronavirus : Vivo Energy Maroc s\u2019associe \u00e0 l\u2019\u00e9lan de solidarit\u00e9 nationale"},"content":{"rendered":"<p><strong>Vivo Energy Maroc entend apporter sa contribution au profit du Fonds de solidarit\u00e9 pour la gestion de la pand\u00e9mie de coronavirus cr\u00e9\u00e9 sur instruction royale.<\/strong><\/p>\n<div class=\"c10\"\/>\n<p>L\u2019op\u00e9rateur en charge de la distribution et de la commercialisation des produits de marque Shell dans le Royaume pr\u00e9cise, via un communiqu\u00e9, qu\u2019une contribution suppl\u00e9mentaire sera \u00e9galement d\u00e9ploy\u00e9e par ses soins pour renforcer son soutien \u00e0 ses partenaires associatifs qui \u0153uvrent dans le domaine de la sant\u00e9 et de l\u2019\u00e9ducation. De quoi poursuivre ainsi son engagement citoyen de longue date dans ces domaines.<\/p>\n<p>Vivo Energy Maroc qui continuera d\u2019apporter son appui aux communaut\u00e9s locales en vue de limiter les cons\u00e9quences socio-\u00e9conomiques de cette pand\u00e9mie et favoriser \u00e0 terme la reprise \u00e9conomique.<\/p>\n<p><em>\u00abUne d\u00e9cision qui traduit notre engagement \u00e0 apporter notre soutien aux efforts d\u00e9ploy\u00e9s par l\u2019\u00c9tat marocain pour faire face \u00e0 la crise sanitaire exceptionnelle que traverse notre pays\u00bb,<\/em> conclut le staff Vivo Energy Maroc.<\/p>\n<div class=\"c17\">\n<fieldset class=\"c16\">\n<legend><strong><span class=\"c11\">Challenge<\/span><span class=\"c12\">news<\/span><\/strong><\/legend>\n<div class=\"c15\">Le meilleur de Challenge s\u00e9lectionn\u00e9 par la r\u00e9daction :<\/p>\n<\/div>\n<\/fieldset>\n<\/div>\n<p>Auteur: David J\u00e9r\u00e9mie<br \/>\n<a href=\"https:\/\/www.challenge.ma\/coronavirus-vivo-energy-maroc-sassocie-a-lelan-de-solidarite-nationale-133342\/\">Cliquez ici pour lire l&rsquo;article depuis sa source.<\/a><\/p>\n","protected":false},"excerpt":{"rendered":"<p>Vivo Energy Maroc entend apporter sa contribution au profit du Fonds de solidarit\u00e9 pour la gestion de la pand\u00e9mie de coronavirus cr\u00e9\u00e9 sur instruction royale. L\u2019op\u00e9rateur en charge de la distribution et de la commercialisation des produits de marque Shell dans le Royaume pr\u00e9cise, via un communiqu\u00e9, qu\u2019une contribution suppl\u00e9mentaire sera \u00e9galement d\u00e9ploy\u00e9e par ses [&hellip;]<\/p>\n","protected":false},"author":1787,"featured_media":0,"comment_status":"closed","ping_status":"closed","sticky":false,"template":"","format":"standard","meta":{"fifu_image_url":"","fifu_image_alt":"","footnotes":""},"categories":[78,54],"tags":[],"class_list":["post-79651","post","type-post","status-publish","format-standard","hentry","category-economie","category-maroc"],"_links":{"self":[{"href":"https:\/\/linitiative.ca\/International\/wp-json\/wp\/v2\/posts\/79651","targetHints":{"allow":["GET"]}}],"collection":[{"href":"https:\/\/linitiative.ca\/International\/wp-json\/wp\/v2\/posts"}],"about":[{"href":"https:\/\/linitiative.ca\/International\/wp-json\/wp\/v2\/types\/post"}],"author":[{"embeddable":true,"href":"https:\/\/linitiative.ca\/International\/wp-json\/wp\/v2\/users\/1787"}],"replies":[{"embeddable":true,"href":"https:\/\/linitiative.ca\/International\/wp-json\/wp\/v2\/comments?post=79651"}],"version-history":[{"count":0,"href":"https:\/\/linitiative.ca\/International\/wp-json\/wp\/v2\/posts\/79651\/revisions"}],"wp:attachment":[{"href":"https:\/\/linitiative.ca\/International\/wp-json\/wp\/v2\/media?parent=79651"}],"wp:term":[{"taxonomy":"category","embeddable":true,"href":"https:\/\/linitiative.ca\/International\/wp-json\/wp\/v2\/categories?post=79651"},{"taxonomy":"post_tag","embeddable":true,"href":"https:\/\/linitiative.ca\/International\/wp-json\/wp\/v2\/tags?post=79651"}],"curies":[{"name":"wp","href":"https:\/\/api.w.org\/{rel}","templated":true}]}}