{"id":79652,"date":"2020-03-20T16:15:09","date_gmt":"2020-03-20T20:15:09","guid":{"rendered":"https:\/\/linitiative.ca\/International\/omar-tazi-tire-sa-reverence\/"},"modified":"2020-03-20T16:15:09","modified_gmt":"2020-03-20T20:15:09","slug":"omar-tazi-tire-sa-reverence","status":"publish","type":"post","link":"https:\/\/linitiative.ca\/International\/omar-tazi-tire-sa-reverence\/","title":{"rendered":"Omar Tazi tire sa r\u00e9v\u00e9rence"},"content":{"rendered":"<p><strong>L\u2019industrie pharmaceutique marocaine vient de perdre un de ses grands pr\u00e9curseurs.<\/strong><\/p>\n<div class=\"c10\"\/>\n<p class=\"c11\"><strong>Omar Tazi<\/strong> est d\u00e9c\u00e9d\u00e9 ce vendredi 20 mars, des suites d\u2019une longue maladie. Fondateur du groupe <strong>Sothema<\/strong>, ce capitaine d\u2019industrie a su s\u2019imposer comme un des leaders de l\u2019industrie pharmaceutique au Maroc.\u00a0<\/p>\n<p>En cette douloureuse circonstance, le pr\u00e9sident du Groupe \u00ab Les \u00c9ditions de La Gazette \u00bb, ainsi que les r\u00e9dactions de Challenge, VH, Lalla Fatema et MFM Radio, pr\u00e9sentent ses sinc\u00e8res condol\u00e9ances aux enfants du d\u00e9funt et implorent Dieu de l\u2019entourer de sa Sainte mis\u00e9ricorde. Nous sommes \u00e0 Dieu et \u00e0 Lui nous retournons.<\/p>\n<div class=\"c18\">\n<fieldset class=\"c17\">\n<legend><strong><span class=\"c12\">Challenge<\/span><span class=\"c13\">news<\/span><\/strong><\/legend>\n<div class=\"c16\">Le meilleur de Challenge s\u00e9lectionn\u00e9 par la r\u00e9daction :<\/p>\n<\/div>\n<\/fieldset>\n<\/div>\n<p>Auteur: Adama Sylla<br \/>\n<a href=\"https:\/\/www.challenge.ma\/omar-tazi-tire-sa-reverence-133343\/\">Cliquez ici pour lire l&rsquo;article depuis sa source.<\/a><\/p>\n","protected":false},"excerpt":{"rendered":"<p>L\u2019industrie pharmaceutique marocaine vient de perdre un de ses grands pr\u00e9curseurs. Omar Tazi est d\u00e9c\u00e9d\u00e9 ce vendredi 20 mars, des suites d\u2019une longue maladie. Fondateur du groupe Sothema, ce capitaine d\u2019industrie a su s\u2019imposer comme un des leaders de l\u2019industrie pharmaceutique au Maroc.\u00a0 En cette douloureuse circonstance, le pr\u00e9sident du Groupe \u00ab Les \u00c9ditions de [&hellip;]<\/p>\n","protected":false},"author":1787,"featured_media":0,"comment_status":"closed","ping_status":"closed","sticky":false,"template":"","format":"standard","meta":{"fifu_image_url":"","fifu_image_alt":"","footnotes":""},"categories":[78,54],"tags":[],"class_list":["post-79652","post","type-post","status-publish","format-standard","hentry","category-economie","category-maroc"],"_links":{"self":[{"href":"https:\/\/linitiative.ca\/International\/wp-json\/wp\/v2\/posts\/79652","targetHints":{"allow":["GET"]}}],"collection":[{"href":"https:\/\/linitiative.ca\/International\/wp-json\/wp\/v2\/posts"}],"about":[{"href":"https:\/\/linitiative.ca\/International\/wp-json\/wp\/v2\/types\/post"}],"author":[{"embeddable":true,"href":"https:\/\/linitiative.ca\/International\/wp-json\/wp\/v2\/users\/1787"}],"replies":[{"embeddable":true,"href":"https:\/\/linitiative.ca\/International\/wp-json\/wp\/v2\/comments?post=79652"}],"version-history":[{"count":0,"href":"https:\/\/linitiative.ca\/International\/wp-json\/wp\/v2\/posts\/79652\/revisions"}],"wp:attachment":[{"href":"https:\/\/linitiative.ca\/International\/wp-json\/wp\/v2\/media?parent=79652"}],"wp:term":[{"taxonomy":"category","embeddable":true,"href":"https:\/\/linitiative.ca\/International\/wp-json\/wp\/v2\/categories?post=79652"},{"taxonomy":"post_tag","embeddable":true,"href":"https:\/\/linitiative.ca\/International\/wp-json\/wp\/v2\/tags?post=79652"}],"curies":[{"name":"wp","href":"https:\/\/api.w.org\/{rel}","templated":true}]}}