{"id":79653,"date":"2020-03-20T16:21:34","date_gmt":"2020-03-20T20:21:34","guid":{"rendered":"https:\/\/linitiative.ca\/International\/comite-de-veille-economique-attention-aux-oublies\/"},"modified":"2020-03-20T16:21:34","modified_gmt":"2020-03-20T20:21:34","slug":"comite-de-veille-economique-attention-aux-oublies","status":"publish","type":"post","link":"https:\/\/linitiative.ca\/International\/comite-de-veille-economique-attention-aux-oublies\/","title":{"rendered":"Comit\u00e9 de Veille Economique : attention aux \u00ab oubli\u00e9s \u00bb"},"content":{"rendered":"<p><strong>Le Comit\u00e9 de veille \u00e9conomique (CVE), r\u00e9uni le 19 mars 2020, a pris les premi\u00e8res mesures urgentes en faveur des salari\u00e9s d\u00e9clar\u00e9s \u00e0 la CNSS, au mois de f\u00e9vrier 2020 et des PME et TPME, ainsi que les professions lib\u00e9rales, en difficult\u00e9.<\/strong><\/p>\n<div class=\"c10\"\/>\n<p>Ces mesures, prises pour la p\u00e9riode allant jusqu\u2019\u00e0 fin juin 2020, ont \u00e9t\u00e9 d\u00e9clin\u00e9es en trois principaux axes.<\/p>\n<p>Ainsi, les salari\u00e9s d\u00e9clar\u00e9s \u00e0 la CNSS, en f\u00e9vrier 2020, en arr\u00eat d\u2019activit\u00e9, dans une entreprise en difficult\u00e9, pourront recevoir une indemnit\u00e9 forfaitaire mensuelle, d\u2019un montant de 2000 dirhams net, en plus des allocations familiales et du b\u00e9n\u00e9fice des prestations de l\u2019AMO. Ils b\u00e9n\u00e9ficieront aussi du report de remboursement des \u00e9ch\u00e9ances de cr\u00e9dits bancaires, jusqu\u2019au 30 juin 2020.<\/p>\n<p>Les PME et TPME et professions lib\u00e9rales en difficult\u00e9 devront b\u00e9n\u00e9ficier de la suspension du paiement des charges sociales et de la mise en place d\u2019un moratoire pour le remboursement des \u00e9ch\u00e9ances des cr\u00e9dits bancaires et des \u00e9ch\u00e9ances de leasing, jusqu\u2019\u00e0 fin juin 2020.<\/p>\n<p>Sur le plan fiscal, les entreprises dont le chiffre d\u2019affaires, en 2019, est inf\u00e9rieur \u00e0 20 millions de dirhams, pourront b\u00e9n\u00e9ficier d\u2019un report du d\u00e9p\u00f4t des d\u00e9clarations fiscales jusqu\u2019\u00e0 fin juin 2020, avec suspension des contr\u00f4les fiscaux et des avis \u00e0 tiers d\u00e9tenteurs (ATD).<\/p>\n<p>La prochaine r\u00e9union du CVE, pr\u00e9vue le 23 mars, devra \u00eatre consacr\u00e9e, cette fois-ci \u00e0 des mesures sp\u00e9cifiques aux salari\u00e9s non affili\u00e9s \u00e0 la CNSS et\/ou op\u00e9rant dans l\u2019informel. Cette cat\u00e9gorie sociale est de loin la plus nombreuse et la plus expos\u00e9e \u00e0 la pr\u00e9carit\u00e9. En fait, cela aurait d\u00fb \u00eatre la priorit\u00e9 du CVE. Maintenant, il faut faire vite, car la plupart des personnes exer\u00e7ant des activit\u00e9s informelles de survie, gagnent leur vie au jour le jour. Les liens de solidarit\u00e9 familiale ne sont plus les m\u00eames qu\u2019autrefois. D\u2019apr\u00e8s l\u2019une des enqu\u00eates les plus importantes r\u00e9alis\u00e9es par le HCP, en 2007, le nombre d\u2019unit\u00e9s informelles (UI) \u00e9tait de 1\u00a0550\u00a0000 unit\u00e9s, avec une croissance annuelle moyenne de 40\u00a0000 unit\u00e9s. Ainsi, \u00e0 date d\u2019aujourd\u2019hui, le nombre d\u2019UI d\u00e9passerait 2 millions d\u2019unit\u00e9s.<\/p>\n<p><strong>L\u2019informel contribue \u00e0 presque 15% du PIB, d\u2019apr\u00e8s le HCP<\/strong><\/p>\n<p>57,4% exercent leurs activit\u00e9s informelles dans le petit commerce de d\u00e9tail et 25% dans les services. 70% op\u00e8rent dans le milieu urbain. Plus de la moiti\u00e9 de ces unit\u00e9s se situent dans la r\u00e9gion de Casablanca et plus de 49% ne disposent pas de local.<\/p>\n<p>En 2007, l\u2019informel employait 2,216 millions de personnes, avec une concentration de 53,2% dans le commerce. Avec une moyenne de trois personnes par personne active, ce sont 6,648 millions de bouches \u00e0 nourrir.<\/p>\n<p>La pand\u00e9mie en cours s\u2019annonce durable. L\u2019informel est aussi une r\u00e9alit\u00e9 n\u00e9cessitant des actions prioritaires, urgentes et cibl\u00e9es. La solidarit\u00e9 est le meilleur ciment des peuples et des nations.<\/p>\n<div class=\"c17\">\n<fieldset class=\"c16\">\n<legend><strong><span class=\"c11\">Challenge<\/span><span class=\"c12\">news<\/span><\/strong><\/legend>\n<div class=\"c15\">Le meilleur de Challenge s\u00e9lectionn\u00e9 par la r\u00e9daction :<\/p>\n<\/div>\n<\/fieldset>\n<\/div>\n<p>Auteur: Mohamed Amine<br \/>\n<a href=\"https:\/\/www.challenge.ma\/comite-de-veille-economique-attention-aux-oublies-133348\/\">Cliquez ici pour lire l&rsquo;article depuis sa source.<\/a><\/p>\n","protected":false},"excerpt":{"rendered":"<p>Le Comit\u00e9 de veille \u00e9conomique (CVE), r\u00e9uni le 19 mars 2020, a pris les premi\u00e8res mesures urgentes en faveur des salari\u00e9s d\u00e9clar\u00e9s \u00e0 la CNSS, au mois de f\u00e9vrier 2020 et des PME et TPME, ainsi que les professions lib\u00e9rales, en difficult\u00e9. Ces mesures, prises pour la p\u00e9riode allant jusqu\u2019\u00e0 fin juin 2020, ont \u00e9t\u00e9 [&hellip;]<\/p>\n","protected":false},"author":1787,"featured_media":0,"comment_status":"closed","ping_status":"closed","sticky":false,"template":"","format":"standard","meta":{"fifu_image_url":"","fifu_image_alt":"","footnotes":""},"categories":[78,54],"tags":[],"class_list":["post-79653","post","type-post","status-publish","format-standard","hentry","category-economie","category-maroc"],"_links":{"self":[{"href":"https:\/\/linitiative.ca\/International\/wp-json\/wp\/v2\/posts\/79653","targetHints":{"allow":["GET"]}}],"collection":[{"href":"https:\/\/linitiative.ca\/International\/wp-json\/wp\/v2\/posts"}],"about":[{"href":"https:\/\/linitiative.ca\/International\/wp-json\/wp\/v2\/types\/post"}],"author":[{"embeddable":true,"href":"https:\/\/linitiative.ca\/International\/wp-json\/wp\/v2\/users\/1787"}],"replies":[{"embeddable":true,"href":"https:\/\/linitiative.ca\/International\/wp-json\/wp\/v2\/comments?post=79653"}],"version-history":[{"count":0,"href":"https:\/\/linitiative.ca\/International\/wp-json\/wp\/v2\/posts\/79653\/revisions"}],"wp:attachment":[{"href":"https:\/\/linitiative.ca\/International\/wp-json\/wp\/v2\/media?parent=79653"}],"wp:term":[{"taxonomy":"category","embeddable":true,"href":"https:\/\/linitiative.ca\/International\/wp-json\/wp\/v2\/categories?post=79653"},{"taxonomy":"post_tag","embeddable":true,"href":"https:\/\/linitiative.ca\/International\/wp-json\/wp\/v2\/tags?post=79653"}],"curies":[{"name":"wp","href":"https:\/\/api.w.org\/{rel}","templated":true}]}}