{"id":79654,"date":"2020-03-20T16:50:27","date_gmt":"2020-03-20T20:50:27","guid":{"rendered":"https:\/\/linitiative.ca\/International\/coronavirus-arrestation-de-6-personnes-pour-diffusion-de-fake-news\/"},"modified":"2020-03-20T16:50:27","modified_gmt":"2020-03-20T20:50:27","slug":"coronavirus-arrestation-de-6-personnes-pour-diffusion-de-fake-news","status":"publish","type":"post","link":"https:\/\/linitiative.ca\/International\/coronavirus-arrestation-de-6-personnes-pour-diffusion-de-fake-news\/","title":{"rendered":"Coronavirus : Arrestation de 6 personnes pour diffusion de fake news"},"content":{"rendered":"<p><strong>Les services de la police judiciaire de F\u00e8s, Inezgane, Azilal, Benguerir et Oued Zem ont arr\u00eat\u00e9, jeudi soir et vendredi, six personnes, pour leur implication pr\u00e9sum\u00e9e dans la diffusion et la distribution de fausses informations via les syst\u00e8mes informatiques, pouvant porter atteinte \u00e0 l\u2019ordre public et provoquer la panique chez les citoyens.<\/strong><\/p>\n<div class=\"c10\"\/>\n<p>La direction g\u00e9n\u00e9rale de la s\u00fbret\u00e9 nationale (DGSN) a indiqu\u00e9 dans un communiqu\u00e9 que cette op\u00e9ration s\u2019inscrit dans le cadre de la poursuite des recherches et investigations visant \u00e0 lutter contre les faux contenus num\u00e9riques relatifs \u00e0 la pand\u00e9mie de nouveau coronavirus (Covid-19).\u00a0<\/p>\n<p>La cellule centrale de suivi et de veille informatique pour la lutte contre les fakenews li\u00e9s \u00e0 la pand\u00e9mie de nouveau coronavirus avait d\u00e9tect\u00e9 de faux contenus num\u00e9riques, diffus\u00e9s sur les r\u00e9seaux sociaux et via les applications de messagerie instantan\u00e9e, pr\u00e9cise le communiqu\u00e9.<\/p>\n<p>Ces contenus \u00e9voquent de pr\u00e9tendus cas d\u2019infection par le Covid-19, alors que d\u2019autres nient l\u2019existence de cas d\u2019infection par ce virus ou incitent \u00e0 s\u2019abstenir d\u2019appliquer les mesures de pr\u00e9vention contre la propagation du virus, a fait savoir la DGSN. Cette situation a n\u00e9cessit\u00e9 l\u2019ouverture d\u2019enqu\u00eates judiciaires et la r\u00e9alisation d\u2019expertises techniques minutieuses qui ont permis d\u2019identifier les personnes impliqu\u00e9es dans la pr\u00e9paration, la publication et la diffusion de ces faux contenus, a ajout\u00e9 la m\u00eame source.<\/p>\n<p>Trois individus parmi les mis en cause arr\u00eat\u00e9s ont \u00e9t\u00e9 plac\u00e9s en garde \u00e0 vue \u00e0 la disposition de l\u2019enqu\u00eate judiciaire ordonn\u00e9e par les parquets comp\u00e9tents, tandis que les trois autres ont \u00e9t\u00e9 soumis \u00e0 des enqu\u00eates pr\u00e9liminaires avant de les d\u00e9f\u00e9rer, en \u00e9tat de libert\u00e9, au parquet g\u00e9n\u00e9ral qui a supervis\u00e9 les enqu\u00eates.<\/p>\n<p>Les services de s\u00fbret\u00e9 poursuivront l\u2019intensification de la veille informatique pour contr\u00f4ler tous les faux contenus num\u00e9riques sur le nouveau coronavirus, qui pourraient porter atteinte \u00e0 la s\u00e9curit\u00e9 sanitaire des citoyens ou \u00e0 l\u2019ordre public, a insist\u00e9 la DGSN.<\/p>\n<div class=\"c17\">\n<fieldset class=\"c16\">\n<legend><strong><span class=\"c11\">Challenge<\/span><span class=\"c12\">news<\/span><\/strong><\/legend>\n<div class=\"c15\">Le meilleur de Challenge s\u00e9lectionn\u00e9 par la r\u00e9daction :<\/p>\n<\/div>\n<\/fieldset>\n<\/div>\n<p>Auteur: challenge<br \/>\n<a href=\"https:\/\/www.challenge.ma\/coronavirus-arrestation-de-6-personnes-pour-diffusion-de-fake-news-133373\/\">Cliquez ici pour lire l&rsquo;article depuis sa source.<\/a><\/p>\n","protected":false},"excerpt":{"rendered":"<p>Les services de la police judiciaire de F\u00e8s, Inezgane, Azilal, Benguerir et Oued Zem ont arr\u00eat\u00e9, jeudi soir et vendredi, six personnes, pour leur implication pr\u00e9sum\u00e9e dans la diffusion et la distribution de fausses informations via les syst\u00e8mes informatiques, pouvant porter atteinte \u00e0 l\u2019ordre public et provoquer la panique chez les citoyens. La direction g\u00e9n\u00e9rale [&hellip;]<\/p>\n","protected":false},"author":1787,"featured_media":0,"comment_status":"closed","ping_status":"closed","sticky":false,"template":"","format":"standard","meta":{"fifu_image_url":"","fifu_image_alt":"","footnotes":""},"categories":[78,54],"tags":[],"class_list":["post-79654","post","type-post","status-publish","format-standard","hentry","category-economie","category-maroc"],"_links":{"self":[{"href":"https:\/\/linitiative.ca\/International\/wp-json\/wp\/v2\/posts\/79654","targetHints":{"allow":["GET"]}}],"collection":[{"href":"https:\/\/linitiative.ca\/International\/wp-json\/wp\/v2\/posts"}],"about":[{"href":"https:\/\/linitiative.ca\/International\/wp-json\/wp\/v2\/types\/post"}],"author":[{"embeddable":true,"href":"https:\/\/linitiative.ca\/International\/wp-json\/wp\/v2\/users\/1787"}],"replies":[{"embeddable":true,"href":"https:\/\/linitiative.ca\/International\/wp-json\/wp\/v2\/comments?post=79654"}],"version-history":[{"count":0,"href":"https:\/\/linitiative.ca\/International\/wp-json\/wp\/v2\/posts\/79654\/revisions"}],"wp:attachment":[{"href":"https:\/\/linitiative.ca\/International\/wp-json\/wp\/v2\/media?parent=79654"}],"wp:term":[{"taxonomy":"category","embeddable":true,"href":"https:\/\/linitiative.ca\/International\/wp-json\/wp\/v2\/categories?post=79654"},{"taxonomy":"post_tag","embeddable":true,"href":"https:\/\/linitiative.ca\/International\/wp-json\/wp\/v2\/tags?post=79654"}],"curies":[{"name":"wp","href":"https:\/\/api.w.org\/{rel}","templated":true}]}}