{"id":79655,"date":"2020-03-20T17:07:03","date_gmt":"2020-03-20T21:07:03","guid":{"rendered":"https:\/\/linitiative.ca\/International\/coronavirus-la-federation-marocaine-des-medias-a-fait-don-de-sa-subvention-annuelle\/"},"modified":"2020-03-20T17:07:03","modified_gmt":"2020-03-20T21:07:03","slug":"coronavirus-la-federation-marocaine-des-medias-a-fait-don-de-sa-subvention-annuelle","status":"publish","type":"post","link":"https:\/\/linitiative.ca\/International\/coronavirus-la-federation-marocaine-des-medias-a-fait-don-de-sa-subvention-annuelle\/","title":{"rendered":"Coronavirus\u00a0: La F\u00e9d\u00e9ration marocaine des M\u00e9dias a fait don de sa subvention annuelle"},"content":{"rendered":"<p><strong>Le repr\u00e9sentant des m\u00e9dias marocains a annonc\u00e9, vendredi, une contribution de 1 million de dirhams au Fonds sp\u00e9cial d\u00e9di\u00e9 \u00e0 la gestion de la pand\u00e9mie du nouveau coronavirus.<\/strong><\/p>\n<div class=\"c10\"\/>\n<p>La f\u00e9d\u00e9ration marocaine des M\u00e9dias (FMM) s\u2019est inscrite dans l\u2019\u00e9lan de solidarit\u00e9 en faisant don de sa propre subvention annuelle de 1.000.000 de dirhams au profit du <strong>Fonds sp\u00e9cial<\/strong> mis en place conform\u00e9ment aux hautes instructions royales pour la gestion de la nouvelle pand\u00e9mie du coronavirus.<\/p>\n<p>Les membres de la <strong>FMM<\/strong>, en appr\u00e9ciant vivement les hautes directives du Souverain adress\u00e9es aux diff\u00e9rentes institutions du Royaume pour g\u00e9rer cette grave crise \u00e9pid\u00e9miologique, appellent tous les citoyens \u00e0 bien se tenir aux r\u00e8gles de confinement et respecter l\u2019\u00e9tat d\u2019urgence sanitaire ainsi que les mesures de pr\u00e9vention et de s\u00e9curit\u00e9 recommand\u00e9es par les autorit\u00e9s sanitaires comp\u00e9tentes. \u00a0<\/p>\n<p>Les membres de la FMM confirment par ailleurs leur enti\u00e8re adh\u00e9sion \u00e0 toutes les initiatives de sensibilisation visant \u00e0 r\u00e9duire les effets de cette <strong>\u00e9pid\u00e9mie<\/strong>, appelant tous les m\u00e9dias \u00e0 adh\u00e9rer \u00e0 l\u2019\u00e9thique de la profession et poursuivre en justice tous ceux qui v\u00e9hiculent les fausses informations d\u00e9stabilisant ainsi l\u2019opinion publique.<\/p>\n<div class=\"c17\">\n<fieldset class=\"c16\">\n<legend><strong><span class=\"c11\">Challenge<\/span><span class=\"c12\">news<\/span><\/strong><\/legend>\n<div class=\"c15\">Le meilleur de Challenge s\u00e9lectionn\u00e9 par la r\u00e9daction :<\/p>\n<\/div>\n<\/fieldset>\n<\/div>\n<p>Auteur: Hassan Manyani<br \/>\n<a href=\"https:\/\/www.challenge.ma\/coronavirus-la-federation-marocaine-des-medias-a-fait-don-de-sa-subvention-annuelle-133375\/\">Cliquez ici pour lire l&rsquo;article depuis sa source.<\/a><\/p>\n","protected":false},"excerpt":{"rendered":"<p>Le repr\u00e9sentant des m\u00e9dias marocains a annonc\u00e9, vendredi, une contribution de 1 million de dirhams au Fonds sp\u00e9cial d\u00e9di\u00e9 \u00e0 la gestion de la pand\u00e9mie du nouveau coronavirus. La f\u00e9d\u00e9ration marocaine des M\u00e9dias (FMM) s\u2019est inscrite dans l\u2019\u00e9lan de solidarit\u00e9 en faisant don de sa propre subvention annuelle de 1.000.000 de dirhams au profit du [&hellip;]<\/p>\n","protected":false},"author":1787,"featured_media":0,"comment_status":"closed","ping_status":"closed","sticky":false,"template":"","format":"standard","meta":{"fifu_image_url":"","fifu_image_alt":"","footnotes":""},"categories":[78,54],"tags":[],"class_list":["post-79655","post","type-post","status-publish","format-standard","hentry","category-economie","category-maroc"],"_links":{"self":[{"href":"https:\/\/linitiative.ca\/International\/wp-json\/wp\/v2\/posts\/79655","targetHints":{"allow":["GET"]}}],"collection":[{"href":"https:\/\/linitiative.ca\/International\/wp-json\/wp\/v2\/posts"}],"about":[{"href":"https:\/\/linitiative.ca\/International\/wp-json\/wp\/v2\/types\/post"}],"author":[{"embeddable":true,"href":"https:\/\/linitiative.ca\/International\/wp-json\/wp\/v2\/users\/1787"}],"replies":[{"embeddable":true,"href":"https:\/\/linitiative.ca\/International\/wp-json\/wp\/v2\/comments?post=79655"}],"version-history":[{"count":0,"href":"https:\/\/linitiative.ca\/International\/wp-json\/wp\/v2\/posts\/79655\/revisions"}],"wp:attachment":[{"href":"https:\/\/linitiative.ca\/International\/wp-json\/wp\/v2\/media?parent=79655"}],"wp:term":[{"taxonomy":"category","embeddable":true,"href":"https:\/\/linitiative.ca\/International\/wp-json\/wp\/v2\/categories?post=79655"},{"taxonomy":"post_tag","embeddable":true,"href":"https:\/\/linitiative.ca\/International\/wp-json\/wp\/v2\/tags?post=79655"}],"curies":[{"name":"wp","href":"https:\/\/api.w.org\/{rel}","templated":true}]}}