{"id":79656,"date":"2020-03-20T17:09:35","date_gmt":"2020-03-20T21:09:35","guid":{"rendered":"https:\/\/linitiative.ca\/International\/tunisie-video-sans-une-decision-politique-forte-jamais-nous-ne-viendrons-a-bout-de-ce-fleau\/"},"modified":"2020-03-20T17:09:35","modified_gmt":"2020-03-20T21:09:35","slug":"tunisie-video-sans-une-decision-politique-forte-jamais-nous-ne-viendrons-a-bout-de-ce-fleau","status":"publish","type":"post","link":"https:\/\/linitiative.ca\/International\/tunisie-video-sans-une-decision-politique-forte-jamais-nous-ne-viendrons-a-bout-de-ce-fleau\/","title":{"rendered":"Tunisie \u2013 VIDEO\u00a0: Sans une d\u00e9cision politique forte, jamais nous ne viendrons \u00e0 bout de ce fl\u00e9au"},"content":{"rendered":"<div class=\"post-cont-in left relative\">\n<p>La d\u00e9cision prise par l\u2019Etat d\u2019ouvrir ses fronti\u00e8res aux tunisiens qui \u00e9taient \u00e0 l\u2019\u00e9tranger, est en train de tourner \u00e0 la catastrophe. Et ce, pour plusieurs consid\u00e9rations. Et celui qui a pris cette d\u00e9cision, pour les raisons politiques qu\u2019on connait, va devoir, un de ces quatre, en assumer la responsabilit\u00e9 devant le peuple et devant les familles des dizaines de victimes de la maladie dont il aura caus\u00e9 la perte.<\/p>\n<div class=\"code-block code-block-1 c3\"><ins class=\"adsbygoogle c2\" data-ad-layout=\"in-article\" data-ad-format=\"fluid\" data-ad-client=\"ca-pub-2102118777505746\" data-ad-slot=\"7301775417\"\/> <\/div>\n<p>Contrairement \u00e0 ce qui \u00e9tait pr\u00e9vu, les personnes rapatri\u00e9es n\u2019ont pas \u00e9t\u00e9 emmen\u00e9es en quarantaine. Par ailleurs, m\u00eame ceux qui ont \u00e9t\u00e9 emmen\u00e9s dans des h\u00f4tels se sont vus renvoy\u00e9s par les employ\u00e9s de ces \u00e9tablissements.<\/p>\n<p>Plusieurs dizaines de ces citoyens se sont retrouv\u00e9s en pleine nuit, \u00e0 la rue. Et ils ne veulent rien entendre. Ils insistent pour braver et le couvre feu, et la d\u00e9cision de quarantaine. Ils exigent de pouvoir rentrer chez eux. Ils s\u2019en fichent s\u2019ils vont tuer leurs parents au cas o\u00f9 ils ram\u00e8neraient le virus chez eux.<\/p>\n<p>Les policiers charg\u00e9s de faire respecter la loi, s\u2019\u00e9vertuent \u00e0 les faire remonter dans les bus, pour les cheminer dans les endroits de confinement, sans aucun r\u00e9sultat, puisque ces individus savent pertinemment que les agents de l\u2019ordre ne peuvent rien leur faire en l\u2019absence d\u2019une d\u00e9cision politique de s\u00e9vir contre ses hors la loi.<\/p>\n<p>Pourtant, pas plus tard que cet apr\u00e8s midi, le chef de l\u2019Etat, ainsi que le chef du gouvernement ont insist\u00e9 pour afficher leur volont\u00e9 de faire appliquer la loi, avec intransigeance. Ils ont, m\u00eame, demand\u00e9 au parquet de s\u00e9vir contre tous ceux qui enfreignent la loi.<\/p>\n<p>La justice, ainsi que les autres pouvoirs publics, ont, donc, une occasion historique de montrer leur d\u00e9termination pur faire appliquer la loi. Puisque ces individus accumulent les crimes en enfreignant la loi du couvre feu et celle du confinement sanitaire Ce qui les rend coupable d\u2019atteinte \u00e0 la s\u00fbret\u00e9 de l\u2019Etat et des citoyens. De m\u00eame, ceux qui refusent de respecter les r\u00e9quisitions des endroits consacr\u00e9s \u00e0 la quarantaine, doivent r\u00e9pondre de leur m\u00e9fait \u00e0 l\u2019\u00e9gard de la soci\u00e9t\u00e9 et de la population.<\/p>\n<p>Si, demain, par hasard, ces hors la loi seront en libert\u00e9 et pourront rentrer chez eux, il devient illusoire de bloquer toute la population, et de mettre \u00e0 l\u2019arr\u00eat le pays en entier, et l\u2019Etat devra s\u2019avouer vaincu, et se retirer de cette guerre perdue, de toutes les fa\u00e7ons\u00a0!<br \/><iframe loading=\"lazy\" class=\"c4\" src=\"https:\/\/www.facebook.com\/plugins\/video.php?href=https%3A%2F%2Fwww.facebook.com%2Faymouna.rhouma%2Fvideos%2F3016018855114895%2F&amp;show_text=0&amp;width=353\" width=\"353\" height=\"476\" frameborder=\"0\" scrolling=\"no\" allowfullscreen=\"allowfullscreen\">[embedded content]<\/iframe><\/p>\n<div class=\"swp_social_panel swp_horizontal_panel swp_flat_fresh swp_default_full_color swp_individual_full_color swp_other_full_color scale-100 scale-\" data-min-width=\"1100\" data-float-color=\"#ffffff\" data-float=\"bottom\" data-float-mobile=\"bottom\" data-transition=\"slide\">\n<div class=\"nc_tweetContainer swp_share_button total_shares total_sharesalt\"><span class=\"swp_count\">1 <span class=\"swp_label\">Partages<\/span><\/span><\/div>\n<\/div>\n<p><strong>Que se passe-t-il en Tunisie?<\/strong><br \/>Nous expliquons sur notre <a href=\"https:\/\/www.youtube.com\/channel\/UCRzypVq0B_yBad5eGrwBx0Q?sub_confirmation=1\" target=\"_blank\" rel=\"noopener noreferrer\">cha\u00eene YouTube<\/a> . <a href=\"https:\/\/www.youtube.com\/channel\/UCRzypVq0B_yBad5eGrwBx0Q?sub_confirmation=1\" target=\"_blank\" rel=\"noopener noreferrer\">Abonnez-vous!<\/a><\/p>\n<div class=\"mvp-org-wrap mvp-org-logo\" itemprop=\"publisher\" itemscope=\"\" itemtype=\"https:\/\/schema.org\/Organization\"><img decoding=\"async\" src=\"https:\/\/www.tunisienumerique.com\/wp-content\/uploads\/2017\/02\/logo_tunisie_numerique.png\"\/><\/div>\n<div class=\"mvp-related-posts left relative\">\n<h4 class=\"post-header\"><span class=\"post-header\">Lire aussi<\/span><\/h4>\n<\/div>\n<div id=\"article-ad\"><ins class=\"adsbygoogle c5\" data-ad-client=\"ca-pub-2102118777505746\" data-ad-slot=\"6513972734\" data-ad-format=\"auto\" data-full-width-responsive=\"true\"\/> <\/div>\n<\/div>\n<div id=\"post-sidebar-wrap\"><ins class=\"adsbygoogle c5\" data-ad-client=\"ca-pub-2102118777505746\" data-ad-slot=\"6168283410\" data-ad-format=\"auto\" data-full-width-responsive=\"true\"\/> <\/div>\n<p>Auteur: Ramsis<br \/>\n<a href=\"https:\/\/www.tunisienumerique.com\/tunisie-video-sans-une-decision-politique-forte-jamais-nous-ne-viendrons-a-bout-de-ce-fleau\/\">Cliquez ici pour lire l&rsquo;article depuis sa source.<\/a><\/p>\n","protected":false},"excerpt":{"rendered":"<p>La d\u00e9cision prise par l\u2019Etat d\u2019ouvrir ses fronti\u00e8res aux tunisiens qui \u00e9taient \u00e0 l\u2019\u00e9tranger, est en train de tourner \u00e0 la catastrophe. Et ce, pour plusieurs consid\u00e9rations. Et celui qui a pris cette d\u00e9cision, pour les raisons politiques qu\u2019on connait, va devoir, un de ces quatre, en assumer la responsabilit\u00e9 devant le peuple et devant [&hellip;]<\/p>\n","protected":false},"author":1789,"featured_media":79657,"comment_status":"closed","ping_status":"closed","sticky":false,"template":"","format":"standard","meta":{"fifu_image_url":"","fifu_image_alt":"","footnotes":""},"categories":[73,55],"tags":[],"class_list":["post-79656","post","type-post","status-publish","format-standard","has-post-thumbnail","hentry","category-actualite","category-tunisie"],"_links":{"self":[{"href":"https:\/\/linitiative.ca\/International\/wp-json\/wp\/v2\/posts\/79656","targetHints":{"allow":["GET"]}}],"collection":[{"href":"https:\/\/linitiative.ca\/International\/wp-json\/wp\/v2\/posts"}],"about":[{"href":"https:\/\/linitiative.ca\/International\/wp-json\/wp\/v2\/types\/post"}],"author":[{"embeddable":true,"href":"https:\/\/linitiative.ca\/International\/wp-json\/wp\/v2\/users\/1789"}],"replies":[{"embeddable":true,"href":"https:\/\/linitiative.ca\/International\/wp-json\/wp\/v2\/comments?post=79656"}],"version-history":[{"count":0,"href":"https:\/\/linitiative.ca\/International\/wp-json\/wp\/v2\/posts\/79656\/revisions"}],"wp:featuredmedia":[{"embeddable":true,"href":"https:\/\/linitiative.ca\/International\/wp-json\/"}],"wp:attachment":[{"href":"https:\/\/linitiative.ca\/International\/wp-json\/wp\/v2\/media?parent=79656"}],"wp:term":[{"taxonomy":"category","embeddable":true,"href":"https:\/\/linitiative.ca\/International\/wp-json\/wp\/v2\/categories?post=79656"},{"taxonomy":"post_tag","embeddable":true,"href":"https:\/\/linitiative.ca\/International\/wp-json\/wp\/v2\/tags?post=79656"}],"curies":[{"name":"wp","href":"https:\/\/api.w.org\/{rel}","templated":true}]}}