{"id":79658,"date":"2020-03-20T05:46:18","date_gmt":"2020-03-20T09:46:18","guid":{"rendered":"https:\/\/linitiative.ca\/International\/coronavirus-le-comite-national-de-gestion-fait-le-point\/"},"modified":"2020-03-20T05:46:18","modified_gmt":"2020-03-20T09:46:18","slug":"coronavirus-le-comite-national-de-gestion-fait-le-point","status":"publish","type":"post","link":"https:\/\/linitiative.ca\/International\/coronavirus-le-comite-national-de-gestion-fait-le-point\/","title":{"rendered":"Coronavirus:  Le comit\u00e9 national de gestion fait le point"},"content":{"rendered":"<div class=\"td-post-featured-image\"><a href=\"https:\/\/i1.wp.com\/www.sidwaya.info\/wp-content\/uploads\/2020\/03\/1cov.jpg?fit=425%2C282&amp;ssl=1\" data-caption=\"\"><img loading=\"lazy\" decoding=\"async\" width=\"425\" height=\"282\" class=\"entry-thumb td-modal-image\" src=\"https:\/\/i1.wp.com\/www.sidwaya.info\/wp-content\/uploads\/2020\/03\/1cov.jpg?resize=425,282&amp;ssl=1\" srcset=\"https:\/\/i1.wp.com\/www.sidwaya.info\/wp-content\/uploads\/2020\/03\/1cov.jpg?w=425&amp;ssl=1 425w, https:\/\/i1.wp.com\/www.sidwaya.info\/wp-content\/uploads\/2020\/03\/1cov.jpg?resize=300%2C199&amp;ssl=1 300w\" sizes=\"auto, (max-width: 425px) 100vw, 425px\" alt=\"\" title=\"1cov\"\/><\/a><\/div>\n<p><strong>Le comit\u00e9 national de gestion de l\u2019\u00e9pid\u00e9mie de COVID-19 (CNGE-COVID-19) s\u2019est r\u00e9uni le jeudi 19 mars 2020 sous la pr\u00e9sidence du Premier ministre, Christophe Marie Joseph Dabir\u00e9. Il a examin\u00e9 plusieurs points et fait des propositions au pr\u00e9sident du Faso, Roch Marc Christian Kabor\u00e9.<\/strong><\/p>\n<p>Pour plus d\u2019efficacit\u00e9 dans la riposte contre la pand\u00e9mie du coronavirus, le gouvernement et ses diff\u00e9rents partenaires ont d\u00e9cid\u00e9 de mieux coordonner leurs actions. Sous la pr\u00e9sidence du Premier ministre, Chirstophe Dabir\u00e9, ils se sont r\u00e9unis au sein du Comit\u00e9 national de gestion de l\u2019\u00e9pid\u00e9mie de COVID-19 (CNGE-COVID-19), dans la matin\u00e9e du jeudi 19 mars 2020, \u00e0 Ouagadougou. Durant plus de deux heures, les membres du comit\u00e9 se sont pench\u00e9s sur l\u2019\u00e9tat de mise en \u0153uvre de la structure en charge de la gestion de l\u2019\u00e9pid\u00e9mie de COVID-19, le plan de riposte, le plan de communication, la situation de mobilisation des fonds pour le financement du plan de riposte, la situation de l\u2019\u00e9pid\u00e9mie \u00e0 la date du 19 mars 2020 et la prise en charge des cas suspects et positifs. Selon le communiqu\u00e9 final, \u00e0 l\u2019issue des \u00e9changes, le Premier ministre a donn\u00e9 des instructions pour l\u2019ex\u00e9cution diligente, la dynamisation des structures du centre op\u00e9rationnel de r\u00e9ponses aux urgences sanitaires du COVID-19, l\u2019intensification de la communication pour la pr\u00e9vention avec une implication forte des leaders et responsables religieux coutumiers et associatifs. <em>\u00ab\u00a0Au regard de l\u2019\u00e9volution de la pand\u00e9mie, le comit\u00e9 a fait des propositions de mesures compl\u00e9mentaires pour interrompre la chaine de transmission communautaire. Ces propositions seront transmises au pr\u00e9sident du Faso\u00a0\u00bb<\/em>, a indiqu\u00e9 le ministre de la communication et des relations avec le Parlement, porte-parole du gouvernement, R\u00e9mis Fulgance Dandjinou.<\/p>\n<p>Tout en exhortant les populations au strict respect des pr\u00e9cautions \u00e9dict\u00e9es par le minist\u00e8re de la Sant\u00e9, le CNGE-COVID-19 a traduit sa reconnaissance \u00e0 l\u2019ensemble du corps m\u00e9dical pour l\u2019engagement dont il fait preuve dans la lutte contre la pand\u00e9mie. Qu\u2019est-ce que le comit\u00e9 a d\u00e9cid\u00e9 \u00e0 propos de la fermeture des lieux de culte\u00a0? <em>\u00ab\u00a0En ce qui concerne la fermeture des lieux de culte, le minist\u00e8re de la Sant\u00e9 travaille en \u00e9troite collaboration avec les fa\u00eeti\u00e8res du monde religieux. Ce travail doit aboutir \u00e0 cette responsabilisation des acteurs. La communaut\u00e9 catholique a d\u00e9j\u00e0 d\u00e9cid\u00e9 l\u2019interdiction des messes et cat\u00e9ch\u00e8ses.\u00a0 Nous esp\u00e9rons qu\u2019au niveau des autres fa\u00eeti\u00e8res, des d\u00e9cisions seront prises dans la m\u00eame dynamique\u00a0\u00bb,<\/em> a r\u00e9pondu le porte-parole du gouvernement.\u00a0 Qu\u2019en est-il de la mobilisation de fonds\u00a0? Le fonds de riposte s\u2019\u00e9l\u00e8ve selon M. Dandjinou, \u00e0 plus de 11 milliards de F CFA et l\u2019urgence est \u00e9valu\u00e9e \u00e0 plus de quatre milliards de F CFA. <em>\u00ab\u00a0Le gouvernement a obligation de r\u00e9pondre aux questions de sant\u00e9 des populations. Et il mettra tout en \u0153uvre pour y faire face avec le soutien des partenaires techniques et financiers\u00a0\u00bb<\/em>, a-t-il pr\u00e9cis\u00e9.<\/p>\n<p><strong>Karim BADOLO<\/strong><\/p>\n<div class=\"td-a-rec td-a-rec-id-content_bottom tdi_30_e83 td_block_template_1\"><img loading=\"lazy\" decoding=\"async\" class=\"aligncenter size-full wp-image-9623\" src=\"https:\/\/www.sidwaya.info\/wp-content\/uploads\/2019\/06\/Projet-bannie\u0300re-Orange-mobile.jpg\" alt=\"\" width=\"728\" height=\"81\"\/><\/div>\n<p>Auteur: BS. Sidwaya<br \/>\n<a href=\"https:\/\/www.sidwaya.info\/blog\/2020\/03\/20\/coronavirus-le-comite-national-de-gestion-fait-le-point\/\">Cliquez ici pour lire l&rsquo;article depuis sa source.<\/a><\/p>\n","protected":false},"excerpt":{"rendered":"<p>Le comit\u00e9 national de gestion de l\u2019\u00e9pid\u00e9mie de COVID-19 (CNGE-COVID-19) s\u2019est r\u00e9uni le jeudi 19 mars 2020 sous la pr\u00e9sidence du Premier ministre, Christophe Marie Joseph Dabir\u00e9. Il a examin\u00e9 plusieurs points et fait des propositions au pr\u00e9sident du Faso, Roch Marc Christian Kabor\u00e9. Pour plus d\u2019efficacit\u00e9 dans la riposte contre la pand\u00e9mie du coronavirus, [&hellip;]<\/p>\n","protected":false},"author":1816,"featured_media":0,"comment_status":"closed","ping_status":"closed","sticky":false,"template":"","format":"standard","meta":{"fifu_image_url":"","fifu_image_alt":"","footnotes":""},"categories":[73,81],"tags":[],"class_list":["post-79658","post","type-post","status-publish","format-standard","hentry","category-actualite","category-burkina-faso"],"_links":{"self":[{"href":"https:\/\/linitiative.ca\/International\/wp-json\/wp\/v2\/posts\/79658","targetHints":{"allow":["GET"]}}],"collection":[{"href":"https:\/\/linitiative.ca\/International\/wp-json\/wp\/v2\/posts"}],"about":[{"href":"https:\/\/linitiative.ca\/International\/wp-json\/wp\/v2\/types\/post"}],"author":[{"embeddable":true,"href":"https:\/\/linitiative.ca\/International\/wp-json\/wp\/v2\/users\/1816"}],"replies":[{"embeddable":true,"href":"https:\/\/linitiative.ca\/International\/wp-json\/wp\/v2\/comments?post=79658"}],"version-history":[{"count":0,"href":"https:\/\/linitiative.ca\/International\/wp-json\/wp\/v2\/posts\/79658\/revisions"}],"wp:attachment":[{"href":"https:\/\/linitiative.ca\/International\/wp-json\/wp\/v2\/media?parent=79658"}],"wp:term":[{"taxonomy":"category","embeddable":true,"href":"https:\/\/linitiative.ca\/International\/wp-json\/wp\/v2\/categories?post=79658"},{"taxonomy":"post_tag","embeddable":true,"href":"https:\/\/linitiative.ca\/International\/wp-json\/wp\/v2\/tags?post=79658"}],"curies":[{"name":"wp","href":"https:\/\/api.w.org\/{rel}","templated":true}]}}