{"id":79659,"date":"2020-03-20T05:55:20","date_gmt":"2020-03-20T09:55:20","guid":{"rendered":"https:\/\/linitiative.ca\/International\/covid-19-ne-pas-paniquer-ne-pas-banaliser-balai-citoyen\/"},"modified":"2020-03-20T05:55:20","modified_gmt":"2020-03-20T09:55:20","slug":"covid-19-ne-pas-paniquer-ne-pas-banaliser-balai-citoyen","status":"publish","type":"post","link":"https:\/\/linitiative.ca\/International\/covid-19-ne-pas-paniquer-ne-pas-banaliser-balai-citoyen\/","title":{"rendered":"COVID-19, NE PAS PANIQUER, NE PAS BANALISER\u00a0! (Balai citoyen)"},"content":{"rendered":"<div class=\"td-post-featured-image\"><a href=\"https:\/\/i2.wp.com\/www.sidwaya.info\/wp-content\/uploads\/2020\/03\/smockey-1.jpeg?fit=800%2C599&amp;ssl=1\" data-caption=\"\"><img loading=\"lazy\" decoding=\"async\" width=\"696\" height=\"521\" class=\"entry-thumb td-modal-image\" src=\"https:\/\/i2.wp.com\/www.sidwaya.info\/wp-content\/uploads\/2020\/03\/smockey-1.jpeg?resize=696,521&amp;ssl=1\" srcset=\"https:\/\/i2.wp.com\/www.sidwaya.info\/wp-content\/uploads\/2020\/03\/smockey-1.jpeg?w=800&amp;ssl=1 800w, https:\/\/i2.wp.com\/www.sidwaya.info\/wp-content\/uploads\/2020\/03\/smockey-1.jpeg?resize=300%2C225&amp;ssl=1 300w, https:\/\/i2.wp.com\/www.sidwaya.info\/wp-content\/uploads\/2020\/03\/smockey-1.jpeg?resize=768%2C575&amp;ssl=1 768w, https:\/\/i2.wp.com\/www.sidwaya.info\/wp-content\/uploads\/2020\/03\/smockey-1.jpeg?resize=696,521&amp;ssl=1 696w, https:\/\/i2.wp.com\/www.sidwaya.info\/wp-content\/uploads\/2020\/03\/smockey-1.jpeg?resize=561%2C420&amp;ssl=1 561w, https:\/\/i2.wp.com\/www.sidwaya.info\/wp-content\/uploads\/2020\/03\/smockey-1.jpeg?resize=80%2C60&amp;ssl=1 80w, https:\/\/i2.wp.com\/www.sidwaya.info\/wp-content\/uploads\/2020\/03\/smockey-1.jpeg?resize=265%2C198&amp;ssl=1 265w, https:\/\/i2.wp.com\/www.sidwaya.info\/wp-content\/uploads\/2020\/03\/smockey-1.jpeg?resize=600%2C449&amp;ssl=1 600w\" sizes=\"auto, (max-width: 696px) 100vw, 696px\" alt=\"\" title=\"smockey\"\/><\/a><\/div>\n<p><strong>Ch\u00e8res citoyennes, chers citoyens,<\/strong><\/p>\n<p><strong>Populations du Burkina Faso,<\/strong><\/p>\n<p>Le covid-19 ayant \u00e9t\u00e9 d\u00e9clar\u00e9 pand\u00e9mie mondiale par l\u2019Organisation Mondiale de la Sant\u00e9 (OMS), tous les pays du monde sont actuellement \u00e0 pied d\u2019\u0153uvre pour contenir la maladie et pour endiguer sa propagation au sein des populations<\/p>\n<p>Le Burkina Faso au regard des diff\u00e9rentes informations provenant des autorit\u00e9s gouvernementales est durement touch\u00e9 par le coronavirus. Selon les derni\u00e8res donn\u00e9es du Minist\u00e8re de la sant\u00e9, notre pays enregistre plus d\u2019une vingtaine de cas d\u00e9clar\u00e9s.<\/p>\n<p>C\u2019est le lieu pour le Balai Citoyen d\u2019appeler l\u2019ensemble des burkinab\u00e8 \u00e0 prendre la propagation du virus avec beaucoup de s\u00e9rieux et \u00e0 suivre scrupuleusement les mesures d\u2019hygi\u00e8nes et les mesures de pr\u00e9vention qui s\u2019imposent en pareille situation.<\/p>\n<p>Nous sommes tous concern\u00e9s et chacun \u00e0 quelque niveau que ce soit doit veiller \u00e0 ne pas prendre des risques qui constituent autant de voies de diffusion du virus.<\/p>\n<p>Le Balai Citoyen appelle l\u2019ensemble des populations \u00e0 suspendre jusqu\u2019\u00e0 nouvel ordre toute activit\u00e9 de nature \u00e0 cr\u00e9er des regroupements, conform\u00e9ment aux directives officielles.<\/p>\n<p>Le Balai Citoyen appelle les populations \u00e0 la discipline, au calme et \u00e0 la vigilance. Chacun doit rechercher et donner l\u2019information juste \u00e0 ses proches et \u00e0 son entourage dans la mesure du possible. C\u2019est \u00e0 travers des comportements responsables, solidaires et exemplaires que nous saurons ensemble surpasser ce moment de dure \u00e9preuve qui concerne toute l\u2019humanit\u00e9.<\/p>\n<p>Par ailleurs, le Balai Citoyen interpelle le gouvernement sur la prise de mesures rapides et pertinentes en ce qui concerne la prise en charge des personnes contamin\u00e9es par le Covid-19 et \u00e0 prendre toutes les mesures n\u00e9cessaires pour endiguer la propagation du virus. Cela passe aussi par la prise en compte sans d\u00e9lai d\u2019actions fortes pour emp\u00eacher toute sp\u00e9culation sur la disponibilit\u00e9 et le prix des produits et autres moyens de protections (savons, solutions hydro alcooliques, masques, gants, etc.). Ces produits et moyens de protection doivent \u00eatre disponibles pour tous et cela rel\u00e8ve de la responsabilit\u00e9 du gouvernement en premier lieu.<\/p>\n<p>Jusque-l\u00e0, nous constatons que la communication au niveau des autorit\u00e9s n\u2019est pas maitris\u00e9e. Il faut donc rassurer au plus vite les uns et les autres.<\/p>\n<p>Le Balai Citoyen interpelle le gouvernement et plus pr\u00e9cis\u00e9ment les autorit\u00e9s en charge de la sant\u00e9 publique sur leur devoir d\u2019informer les populations et de les rassurer sur l\u2019\u00e9tat d\u2019\u00e9volution du Covid-19.<\/p>\n<p>En attendant que le gouvernement assume clairement sa part d\u2019action, le Balai citoyen appelle les populations du Burkina Faso \u00e0 s\u2019approprier ces mesures basiques de protection recommand\u00e9es par le Minist\u00e8re de la sant\u00e9, aussi bien dans les lieux de travail qu\u2019au sein des familles\u00a0:<\/p>\n<ul>\n<li>Se laver r\u00e9guli\u00e8rement les mains avec du savon ou avec une solution hydro alcoolique\u00a0;<\/li>\n<li>Se couvrir la bouche et le nez avec le pli du coude avant de tousser ou d\u2019\u00e9ternuer ou utiliser un mouchoir jetable\u00a0;<\/li>\n<li>En cas de fi\u00e8vre, de toux et de difficult\u00e9s respiratoires, ou si vous avez \u00e9t\u00e9 en contact avec un malade, observez l\u2019auto confinement avec surveillance de la temp\u00e9rature et des sympt\u00f4mes. Appelez le service de sant\u00e9 et \u00e9vitez de vous d\u00e9placer\u00a0;<\/li>\n<li>Encourageons toute personne pr\u00e9sentant les signes (fi\u00e8vre, toux, rhume, fatigue, douleurs articulaires, difficult\u00e9s respiratoires) \u00e0 porter un masque, \u00e0 rester chez elle, \u00e0 \u00e9viter tout contact, \u00e0 ne pas cracher par terre et appeler les num\u00e9ros suivants : 52 19 53 94 et 01 60 89 89\u00a0;<\/li>\n<li>Eviter les contacts rapproch\u00e9s, surtout avec des personnes pr\u00e9sentant des signes de coronavirus\u00a0;<\/li>\n<li>Eviter de cracher par terre et en circulation\u00a0;<\/li>\n<li>Eviter les contacts avec les animaux et la consommation de produits d\u2019origine animale crus ou mal cuits\u00a0;<\/li>\n<li>Les mains touchent de nombreux objets susceptibles d\u2019\u00eatre contamin\u00e9s par le virus. Donc \u00e9viter de toucher les yeux, le nez et la bouche\u00a0;<\/li>\n<li>Eviter de propager la psychose, la panique et les fakes news\u00a0;<\/li>\n<\/ul>\n<p>Adoptons des comportements responsables et citoyens o\u00f9 que nous soyons en tenant compte du contexte.<\/p>\n<p>Dans la discipline, la prudence et le respect des consignes, nous y arriverons\u00a0!<\/p>\n<p>Covid-19, ne pas paniquer, ne pas banaliser\u00a0!<\/p>\n<p>Ensemble, on n\u2019est jamais seul\u00a0!<\/p>\n<p>Pour le Balai citoyen, la Coordination Nationale\u00a0!<\/p>\n<div class=\"td-a-rec td-a-rec-id-content_bottom tdi_30_7c8 td_block_template_1\"><img loading=\"lazy\" decoding=\"async\" class=\"aligncenter size-full wp-image-9623\" src=\"https:\/\/www.sidwaya.info\/wp-content\/uploads\/2019\/06\/Projet-bannie\u0300re-Orange-mobile.jpg\" alt=\"\" width=\"728\" height=\"81\"\/><\/div>\n<p>Auteur: BS. Sidwaya<br \/>\n<a href=\"https:\/\/www.sidwaya.info\/blog\/2020\/03\/20\/covid-19-ne-pas-paniquer-ne-pas-banaliser-balai-citoyen\/\">Cliquez ici pour lire l&rsquo;article depuis sa source.<\/a><\/p>\n","protected":false},"excerpt":{"rendered":"<p>Ch\u00e8res citoyennes, chers citoyens, Populations du Burkina Faso, Le covid-19 ayant \u00e9t\u00e9 d\u00e9clar\u00e9 pand\u00e9mie mondiale par l\u2019Organisation Mondiale de la Sant\u00e9 (OMS), tous les pays du monde sont actuellement \u00e0 pied d\u2019\u0153uvre pour contenir la maladie et pour endiguer sa propagation au sein des populations Le Burkina Faso au regard des diff\u00e9rentes informations provenant des [&hellip;]<\/p>\n","protected":false},"author":1816,"featured_media":0,"comment_status":"closed","ping_status":"closed","sticky":false,"template":"","format":"standard","meta":{"fifu_image_url":"","fifu_image_alt":"","footnotes":""},"categories":[73,81],"tags":[],"class_list":["post-79659","post","type-post","status-publish","format-standard","hentry","category-actualite","category-burkina-faso"],"_links":{"self":[{"href":"https:\/\/linitiative.ca\/International\/wp-json\/wp\/v2\/posts\/79659","targetHints":{"allow":["GET"]}}],"collection":[{"href":"https:\/\/linitiative.ca\/International\/wp-json\/wp\/v2\/posts"}],"about":[{"href":"https:\/\/linitiative.ca\/International\/wp-json\/wp\/v2\/types\/post"}],"author":[{"embeddable":true,"href":"https:\/\/linitiative.ca\/International\/wp-json\/wp\/v2\/users\/1816"}],"replies":[{"embeddable":true,"href":"https:\/\/linitiative.ca\/International\/wp-json\/wp\/v2\/comments?post=79659"}],"version-history":[{"count":0,"href":"https:\/\/linitiative.ca\/International\/wp-json\/wp\/v2\/posts\/79659\/revisions"}],"wp:attachment":[{"href":"https:\/\/linitiative.ca\/International\/wp-json\/wp\/v2\/media?parent=79659"}],"wp:term":[{"taxonomy":"category","embeddable":true,"href":"https:\/\/linitiative.ca\/International\/wp-json\/wp\/v2\/categories?post=79659"},{"taxonomy":"post_tag","embeddable":true,"href":"https:\/\/linitiative.ca\/International\/wp-json\/wp\/v2\/tags?post=79659"}],"curies":[{"name":"wp","href":"https:\/\/api.w.org\/{rel}","templated":true}]}}