{"id":79662,"date":"2020-03-20T16:18:05","date_gmt":"2020-03-20T20:18:05","guid":{"rendered":"https:\/\/linitiative.ca\/International\/covid-19-77-cas-infectes-par-le-virus-au-maroc\/"},"modified":"2020-03-20T16:18:05","modified_gmt":"2020-03-20T20:18:05","slug":"covid-19-77-cas-infectes-par-le-virus-au-maroc","status":"publish","type":"post","link":"https:\/\/linitiative.ca\/International\/covid-19-77-cas-infectes-par-le-virus-au-maroc\/","title":{"rendered":"Covid-19 : 77 cas infect\u00e9s par le virus au Maroc"},"content":{"rendered":"<div readability=\"32\">\n<p>Publi\u00e9 le 20.03.2020 \u00e0 21h18 par APA News<\/p>\n<\/div>\n<div readability=\"64\">\n<p>Le nombre de cas test\u00e9s positifs au coronavirus au Maroc a atteint 77, a annonc\u00e9 vendredi dans la soir\u00e9e, le minist\u00e8re de la sant\u00e9 sur son portail officiel d\u00e9di\u00e9 au Covid-19.Trois nouveaux cas recens\u00e9s en d\u00e9but de soir\u00e9e. Il s\u2019agit de cas contamin\u00e9s \u00e0 l\u2019\u00e9tranger. Ces cas ont \u00e9t\u00e9 recens\u00e9s \u00e0 Nador, Taourirt et Tanger.<\/p>\n<p>Plus t\u00f4t dans la matin\u00e9e, le Maroc a enregistr\u00e9 3 nouveaux cas d\u2019infection au coronavirus et un troisi\u00e8me d\u00e9c\u00e8s li\u00e9 Covid-19.<\/p>\n<p>\u00ab Les prochains jours seront d\u00e9cisifs \u00bb, a alert\u00e9 le ministre de la Sant\u00e9. Il est \u00e0 esp\u00e9rer que le confinement forc\u00e9 va enrayer la propagation du virus.<\/p>\n<p>Pour freiner la propagation de la pand\u00e9mie du coronavirus, le Maroc a d\u00e9cr\u00e9t\u00e9 l\u2019\u00e9tat d\u2019urgence sanitaire \u00e0 partir de ce vendredi, \u00e0 18h00 heure locale (GMT +1), et ce jusqu\u2019\u00e0 nouvel ordre.<\/p>\n<p>\u00ab Il s\u2019agit-l\u00e0 d\u2019une mesure in\u00e9vitable pour garder la situation sous contr\u00f4le \u00bb, a soulign\u00e9 jeudi dans la soir\u00e9e un communiqu\u00e9 du minist\u00e8re.<\/p>\n<p>L\u2019\u00e9tat d\u2019urgence sanitaire, pr\u00e9cise la m\u00eame source, ne signifie en aucun cas l\u2019arr\u00eat de l\u2019activit\u00e9 \u00e9conomique mais plut\u00f4t le d\u00e9ploiement d\u2019une s\u00e9rie de mesures visant \u00e0 r\u00e9duire au maximum la circulation des citoyens \u00e0 travers l\u2019obligation de disposer d\u2019un document officiel d\u00e9livr\u00e9 par les agents d\u2019autorit\u00e9 afin de pouvoir quitter son domicile.<\/p>\n<\/div>\n<p>Auteur: APA News<br \/>\n<a href=\"https:\/\/www.journalducameroun.com\/covid-19-77-cas-infectes-par-le-virus-au-maroc\/\">Cliquez ici pour lire l&rsquo;article depuis sa source.<\/a><\/p>\n","protected":false},"excerpt":{"rendered":"<p>Publi\u00e9 le 20.03.2020 \u00e0 21h18 par APA News Le nombre de cas test\u00e9s positifs au coronavirus au Maroc a atteint 77, a annonc\u00e9 vendredi dans la soir\u00e9e, le minist\u00e8re de la sant\u00e9 sur son portail officiel d\u00e9di\u00e9 au Covid-19.Trois nouveaux cas recens\u00e9s en d\u00e9but de soir\u00e9e. Il s\u2019agit de cas contamin\u00e9s \u00e0 l\u2019\u00e9tranger. Ces cas [&hellip;]<\/p>\n","protected":false},"author":1965,"featured_media":0,"comment_status":"closed","ping_status":"closed","sticky":false,"template":"","format":"standard","meta":{"fifu_image_url":"","fifu_image_alt":"","footnotes":""},"categories":[73,82],"tags":[],"class_list":["post-79662","post","type-post","status-publish","format-standard","hentry","category-actualite","category-cameroun"],"_links":{"self":[{"href":"https:\/\/linitiative.ca\/International\/wp-json\/wp\/v2\/posts\/79662","targetHints":{"allow":["GET"]}}],"collection":[{"href":"https:\/\/linitiative.ca\/International\/wp-json\/wp\/v2\/posts"}],"about":[{"href":"https:\/\/linitiative.ca\/International\/wp-json\/wp\/v2\/types\/post"}],"author":[{"embeddable":true,"href":"https:\/\/linitiative.ca\/International\/wp-json\/wp\/v2\/users\/1965"}],"replies":[{"embeddable":true,"href":"https:\/\/linitiative.ca\/International\/wp-json\/wp\/v2\/comments?post=79662"}],"version-history":[{"count":0,"href":"https:\/\/linitiative.ca\/International\/wp-json\/wp\/v2\/posts\/79662\/revisions"}],"wp:attachment":[{"href":"https:\/\/linitiative.ca\/International\/wp-json\/wp\/v2\/media?parent=79662"}],"wp:term":[{"taxonomy":"category","embeddable":true,"href":"https:\/\/linitiative.ca\/International\/wp-json\/wp\/v2\/categories?post=79662"},{"taxonomy":"post_tag","embeddable":true,"href":"https:\/\/linitiative.ca\/International\/wp-json\/wp\/v2\/tags?post=79662"}],"curies":[{"name":"wp","href":"https:\/\/api.w.org\/{rel}","templated":true}]}}