{"id":79663,"date":"2020-03-20T16:18:07","date_gmt":"2020-03-20T20:18:07","guid":{"rendered":"https:\/\/linitiative.ca\/International\/guinee-deux-militaires-arretes-apres-des-tirs-dans-un-camp-militaire\/"},"modified":"2020-03-20T16:18:07","modified_gmt":"2020-03-20T20:18:07","slug":"guinee-deux-militaires-arretes-apres-des-tirs-dans-un-camp-militaire","status":"publish","type":"post","link":"https:\/\/linitiative.ca\/International\/guinee-deux-militaires-arretes-apres-des-tirs-dans-un-camp-militaire\/","title":{"rendered":"Guin\u00e9e: deux militaires arr\u00eat\u00e9s apr\u00e8s des tirs dans un camp militaire"},"content":{"rendered":"<div readability=\"32\">\n<p>Publi\u00e9 le 20.03.2020 \u00e0 21h18 par APA News<\/p>\n<\/div>\n<div readability=\"56\">\n<p>Dans une d\u00e9claration rendue publique ce vendredi, le ministre guin\u00e9en de la D\u00e9fense nationale a annonc\u00e9 l\u2019arrestation de deux militaires \u00e0 la suite \u00ab des tirs sporadiques \u00bb signal\u00e9s ce vendredi au camp Alpha Yaya Diallo, situ\u00e9 en haute banlieue de Conakry.<\/p>\n<p>\u00ab Des dispositifs pr\u00e9alablement mis en place ont permis de r\u00e9agir aux premiers tirs \u00e0 s\u00e9curiser l\u2019enceinte du camp et ses environs. Les Forces de d\u00e9fense d\u00e9ploy\u00e9es sur les lieux ont proc\u00e9d\u00e9 \u00e0 l\u2019arrestation de deux parmi eux \u00bb, indique le Dr Mohamed Dian\u00e9, tout en soulignant que \u00ab la situation est sous contr\u00f4le et des enqu\u00eates sont ouvertes \u00bb.\u00a0<\/p>\n<p>Il faut rappeler que dans la matin\u00e9e de ce vendredi, des tirs sporadiques ont \u00e9t\u00e9 entendus au sein du Bataillon sp\u00e9cial de Conakry (BSC), camp Alpha Yaya Diallo.<\/p>\n<p>Le ministre de la D\u00e9fense \u00ab rassure l\u2019opinion nationale que les Forces Arm\u00e9es Guin\u00e9ennes sont au service de la Nation. A cet effet, elles entendent poursuivre leur mission r\u00e9galienne et restent r\u00e9publicaines apolitiques soumises \u00e0 l\u2019autorit\u00e9 civile l\u00e9galement \u00e9tablie \u00bb, note Dr Mohamed Dian\u00e9. Cette situation intervient \u00e0 48 heures de la tenue du double scrutin r\u00e9f\u00e9rendaire et l\u00e9gislatif, rejet\u00e9 par les poids lourds de l\u2019opposition.<\/p>\n<\/div>\n<p>Auteur: APA News<br \/>\n<a href=\"https:\/\/www.journalducameroun.com\/guinee-deux-militaires-arretes-apres-des-tirs-dans-un-camp-militaire\/\">Cliquez ici pour lire l&rsquo;article depuis sa source.<\/a><\/p>\n","protected":false},"excerpt":{"rendered":"<p>Publi\u00e9 le 20.03.2020 \u00e0 21h18 par APA News Dans une d\u00e9claration rendue publique ce vendredi, le ministre guin\u00e9en de la D\u00e9fense nationale a annonc\u00e9 l\u2019arrestation de deux militaires \u00e0 la suite \u00ab des tirs sporadiques \u00bb signal\u00e9s ce vendredi au camp Alpha Yaya Diallo, situ\u00e9 en haute banlieue de Conakry. \u00ab Des dispositifs pr\u00e9alablement mis [&hellip;]<\/p>\n","protected":false},"author":1965,"featured_media":0,"comment_status":"closed","ping_status":"closed","sticky":false,"template":"","format":"standard","meta":{"fifu_image_url":"","fifu_image_alt":"","footnotes":""},"categories":[73,82],"tags":[],"class_list":["post-79663","post","type-post","status-publish","format-standard","hentry","category-actualite","category-cameroun"],"_links":{"self":[{"href":"https:\/\/linitiative.ca\/International\/wp-json\/wp\/v2\/posts\/79663","targetHints":{"allow":["GET"]}}],"collection":[{"href":"https:\/\/linitiative.ca\/International\/wp-json\/wp\/v2\/posts"}],"about":[{"href":"https:\/\/linitiative.ca\/International\/wp-json\/wp\/v2\/types\/post"}],"author":[{"embeddable":true,"href":"https:\/\/linitiative.ca\/International\/wp-json\/wp\/v2\/users\/1965"}],"replies":[{"embeddable":true,"href":"https:\/\/linitiative.ca\/International\/wp-json\/wp\/v2\/comments?post=79663"}],"version-history":[{"count":0,"href":"https:\/\/linitiative.ca\/International\/wp-json\/wp\/v2\/posts\/79663\/revisions"}],"wp:attachment":[{"href":"https:\/\/linitiative.ca\/International\/wp-json\/wp\/v2\/media?parent=79663"}],"wp:term":[{"taxonomy":"category","embeddable":true,"href":"https:\/\/linitiative.ca\/International\/wp-json\/wp\/v2\/categories?post=79663"},{"taxonomy":"post_tag","embeddable":true,"href":"https:\/\/linitiative.ca\/International\/wp-json\/wp\/v2\/tags?post=79663"}],"curies":[{"name":"wp","href":"https:\/\/api.w.org\/{rel}","templated":true}]}}