{"id":79664,"date":"2020-03-20T16:18:10","date_gmt":"2020-03-20T20:18:10","guid":{"rendered":"https:\/\/linitiative.ca\/International\/les-cas-confirmes-positifs-au-coronavirus-passent-de-9-a-14-en-cote-divoire-officiel\/"},"modified":"2020-03-20T16:18:10","modified_gmt":"2020-03-20T20:18:10","slug":"les-cas-confirmes-positifs-au-coronavirus-passent-de-9-a-14-en-cote-divoire-officiel","status":"publish","type":"post","link":"https:\/\/linitiative.ca\/International\/les-cas-confirmes-positifs-au-coronavirus-passent-de-9-a-14-en-cote-divoire-officiel\/","title":{"rendered":"Les cas confirm\u00e9s positifs au Coronavirus passent de 9 \u00e0 14 en C\u00f4te d\u2019Ivoire (Officiel)"},"content":{"rendered":"<div readability=\"32\">\n<p>Publi\u00e9 le 20.03.2020 \u00e0 21h18 par APA News<\/p>\n<\/div>\n<div readability=\"63\">\n<p>Cinq nouveaux cas ont \u00e9t\u00e9 confirm\u00e9s positifs au Coronavirus en C\u00f4te d\u2019Ivoire portant le nombre de malades \u00e0 quatorze dont un gu\u00e9ri, a annonc\u00e9 vendredi Eug\u00e8ne Aka Aou\u00e9l\u00e9, le ministre ivoirien de la sant\u00e9 et de l\u2019hygi\u00e8ne publique dans un communiqu\u00e9 transmis \u00e0 APA.Ces cinq nouveaux malades sont tous des cas import\u00e9s. Il s\u2019agit d\u2019un homme de nationalit\u00e9 fran\u00e7aise \u00e2g\u00e9 de 36 ans r\u00e9sidant \u00e0 Marcory R\u00e9sidentiel qui a effectu\u00e9 un s\u00e9jour en France, une dame de 36 ans de nationalit\u00e9 fran\u00e7aise r\u00e9sidant \u00e0 Marcory R\u00e9sidentiel qui a voyag\u00e9 avec son \u00e9poux en France, une dame ivoirienne \u00e2g\u00e9e de 40 ans r\u00e9sidant \u00e0 Yaou Sous-pr\u00e9fecture de Bonoua qui a pr\u00e9sent\u00e9 une toux \u00e0 son retour d\u2019un voyage en France, un homme de nationalit\u00e9 libanaise \u00e2g\u00e9 de 38 ans ayant voyag\u00e9 en France et un homme de nationalit\u00e9 libanaise \u00e2g\u00e9 de 49 ans qui a effectu\u00e9 un voyage au Liban d\u2019o\u00f9 il est revenu le 05 mars 2020.\u00a0<\/p>\n<p>\u00ab Tous ces patients test\u00e9s positifs au COVID 19 sont dans un \u00e9tat stable. La recherche de tous leurs contacts est en cours \u00bb, a assur\u00e9 M. Aou\u00e9l\u00e9. Poursuivant, il a fait savoir que depuis le communiqu\u00e9 du Conseil national de s\u00e9curit\u00e9, le point des voyageurs ivoiriens ou non ivoiriens r\u00e9sidents permanents en provenance des pays ayant plus de 100 cas est de 1213.\u00a0<\/p>\n<p>Le ministre de la sant\u00e9 a conclu en exhortant les populations \u00e0 respecter les mesures sanitaires, en particulier, le lavage r\u00e9gulier des mains, \u00e9viter les grands rassemblements et limiter les mouvements inutiles.\u00a0<\/p>\n<p>Lundi dernier, les autorit\u00e9s ivoiriennes ont pris 13 mesures compl\u00e9mentaires dont la fermeture des \u00e9coles pour un mois en vue de lutter contre la propagation du coronavirus. A ce jour, \u00a0dans le monde, la maladie \u00e0 coronavirus a tu\u00e9 plus de 9000 personnes et fait plus de 230 000 cas d\u2019infection.<\/p>\n<\/div>\n<p>Auteur: APA News<br \/>\n<a href=\"https:\/\/www.journalducameroun.com\/les-cas-confirmes-positifs-au-coronavirus-passent-de-9-a-14-en-cote-divoire-officiel\/\">Cliquez ici pour lire l&rsquo;article depuis sa source.<\/a><\/p>\n","protected":false},"excerpt":{"rendered":"<p>Publi\u00e9 le 20.03.2020 \u00e0 21h18 par APA News Cinq nouveaux cas ont \u00e9t\u00e9 confirm\u00e9s positifs au Coronavirus en C\u00f4te d\u2019Ivoire portant le nombre de malades \u00e0 quatorze dont un gu\u00e9ri, a annonc\u00e9 vendredi Eug\u00e8ne Aka Aou\u00e9l\u00e9, le ministre ivoirien de la sant\u00e9 et de l\u2019hygi\u00e8ne publique dans un communiqu\u00e9 transmis \u00e0 APA.Ces cinq nouveaux malades [&hellip;]<\/p>\n","protected":false},"author":1965,"featured_media":0,"comment_status":"closed","ping_status":"closed","sticky":false,"template":"","format":"standard","meta":{"fifu_image_url":"","fifu_image_alt":"","footnotes":""},"categories":[73,82],"tags":[],"class_list":["post-79664","post","type-post","status-publish","format-standard","hentry","category-actualite","category-cameroun"],"_links":{"self":[{"href":"https:\/\/linitiative.ca\/International\/wp-json\/wp\/v2\/posts\/79664","targetHints":{"allow":["GET"]}}],"collection":[{"href":"https:\/\/linitiative.ca\/International\/wp-json\/wp\/v2\/posts"}],"about":[{"href":"https:\/\/linitiative.ca\/International\/wp-json\/wp\/v2\/types\/post"}],"author":[{"embeddable":true,"href":"https:\/\/linitiative.ca\/International\/wp-json\/wp\/v2\/users\/1965"}],"replies":[{"embeddable":true,"href":"https:\/\/linitiative.ca\/International\/wp-json\/wp\/v2\/comments?post=79664"}],"version-history":[{"count":0,"href":"https:\/\/linitiative.ca\/International\/wp-json\/wp\/v2\/posts\/79664\/revisions"}],"wp:attachment":[{"href":"https:\/\/linitiative.ca\/International\/wp-json\/wp\/v2\/media?parent=79664"}],"wp:term":[{"taxonomy":"category","embeddable":true,"href":"https:\/\/linitiative.ca\/International\/wp-json\/wp\/v2\/categories?post=79664"},{"taxonomy":"post_tag","embeddable":true,"href":"https:\/\/linitiative.ca\/International\/wp-json\/wp\/v2\/tags?post=79664"}],"curies":[{"name":"wp","href":"https:\/\/api.w.org\/{rel}","templated":true}]}}