{"id":79665,"date":"2020-03-20T17:18:04","date_gmt":"2020-03-20T21:18:04","guid":{"rendered":"https:\/\/linitiative.ca\/International\/lecosocc-pour-lafrique-du-nord-salue-les-mesures-prises-par-les-pays-de-la-region-pour-enrayer-la-propagation-du-covid-19\/"},"modified":"2020-03-20T17:18:04","modified_gmt":"2020-03-20T21:18:04","slug":"lecosocc-pour-lafrique-du-nord-salue-les-mesures-prises-par-les-pays-de-la-region-pour-enrayer-la-propagation-du-covid-19","status":"publish","type":"post","link":"https:\/\/linitiative.ca\/International\/lecosocc-pour-lafrique-du-nord-salue-les-mesures-prises-par-les-pays-de-la-region-pour-enrayer-la-propagation-du-covid-19\/","title":{"rendered":"L\u2019ECOSOCC pour l\u2019Afrique du Nord salue les mesures prises par les pays de la r\u00e9gion pour enrayer la propagation du Covid-19 \u00a0"},"content":{"rendered":"<div readability=\"32\">\n<p>Publi\u00e9 le 20.03.2020 \u00e0 22h18 par APA News<\/p>\n<\/div>\n<div readability=\"66\">\n<p>Le Conseil \u00e9conomique, social et culturel de l\u2019Union africaine pour la r\u00e9gion de l\u2019Afrique du Nord a salu\u00e9 toutes mesures prises par les pays de la r\u00e9gion pour freiner la propagation de l\u2019\u00e9pid\u00e9mie Covid-19.\u00ab En ces moments difficiles que traverse le monde \u00e0 cause de la pand\u00e9mie Corona Virus (COVID-19), le Conseil Economique, Social et Culturel de l\u2019Union Africaine pour la r\u00e9gion du Nord (ECOSOCC-UA), salue toutes les mesures pr\u00e9ventives et anticipatives prises par les gouvernements et les autorit\u00e9s locales des pays de la r\u00e9gion pour enrayer la propagation du virus. Ces mesures portent sur les volets sanitaires, \u00e9conomiques et sociales avec et pour objectif de faire face \u00e0 cette pand\u00e9mie \u00bb, lit-on dans un communiqu\u00e9 de l\u2019ECOSOCC-UA pour la r\u00e9gion de l\u2019Afrique du Nord, parvenu vendredi \u00e0 APA.<\/p>\n<p>La structure de l\u2019Union \u00a0africaine a appel\u00e9 les populations de la r\u00e9gion \u00e0 \u00ab se conformer aux r\u00e8gles et recommandations des autorit\u00e9s publiques et \u00e0 lutter contre les fausses informations et publications au sujet du Coronavirus, lesquelles risques de semer un vent de panique chez les populations \u00bb, exhortant toutes les couches de la soci\u00e9t\u00e9 civile \u00e0 \u00ab s\u2019engager positivement dans les op\u00e9rations de la sensibilisation \u00bb.<\/p>\n<p>\u00ab Le Coronavirus est une menace invisible \u00e0 l\u2019\u0153il nu, mais portant bien r\u00e9elle. La pand\u00e9mie ne cesse de progresser avec une hausse importante du nombre de nouvelles contaminations \u00bb, rel\u00e8ve la m\u00eame source.<\/p>\n<p>C\u2019est pour cette raison, qu\u2019il est imp\u00e9ratif de se confiner chez soi pour \u00e9viter une lutter contre la transmission du coronavirus dans les lieux publics. \u00ab Restez chez vous, prot\u00e9gez vos communaut\u00e9s, ensemble nous allons vaincre la pand\u00e9mie du COVID-19 \u00bb, a vivement insist\u00e9 l\u2019ECOSOCC-UA pour la r\u00e9gion de l\u2019Afrique du Nord, pr\u00e9sid\u00e9 par le Marocain, Khalid Boudali.<\/p>\n<\/div>\n<p>Auteur: APA News<br \/>\n<a href=\"https:\/\/www.journalducameroun.com\/lecosocc-pour-lafrique-du-nord-salue-les-mesures-prises-par-les-pays-de-la-region-pour-enrayer-la-propagation-du-covid-19\/\">Cliquez ici pour lire l&rsquo;article depuis sa source.<\/a><\/p>\n","protected":false},"excerpt":{"rendered":"<p>Publi\u00e9 le 20.03.2020 \u00e0 22h18 par APA News Le Conseil \u00e9conomique, social et culturel de l\u2019Union africaine pour la r\u00e9gion de l\u2019Afrique du Nord a salu\u00e9 toutes mesures prises par les pays de la r\u00e9gion pour freiner la propagation de l\u2019\u00e9pid\u00e9mie Covid-19.\u00ab En ces moments difficiles que traverse le monde \u00e0 cause de la pand\u00e9mie [&hellip;]<\/p>\n","protected":false},"author":1965,"featured_media":0,"comment_status":"closed","ping_status":"closed","sticky":false,"template":"","format":"standard","meta":{"fifu_image_url":"","fifu_image_alt":"","footnotes":""},"categories":[73,82],"tags":[],"class_list":["post-79665","post","type-post","status-publish","format-standard","hentry","category-actualite","category-cameroun"],"_links":{"self":[{"href":"https:\/\/linitiative.ca\/International\/wp-json\/wp\/v2\/posts\/79665","targetHints":{"allow":["GET"]}}],"collection":[{"href":"https:\/\/linitiative.ca\/International\/wp-json\/wp\/v2\/posts"}],"about":[{"href":"https:\/\/linitiative.ca\/International\/wp-json\/wp\/v2\/types\/post"}],"author":[{"embeddable":true,"href":"https:\/\/linitiative.ca\/International\/wp-json\/wp\/v2\/users\/1965"}],"replies":[{"embeddable":true,"href":"https:\/\/linitiative.ca\/International\/wp-json\/wp\/v2\/comments?post=79665"}],"version-history":[{"count":0,"href":"https:\/\/linitiative.ca\/International\/wp-json\/wp\/v2\/posts\/79665\/revisions"}],"wp:attachment":[{"href":"https:\/\/linitiative.ca\/International\/wp-json\/wp\/v2\/media?parent=79665"}],"wp:term":[{"taxonomy":"category","embeddable":true,"href":"https:\/\/linitiative.ca\/International\/wp-json\/wp\/v2\/categories?post=79665"},{"taxonomy":"post_tag","embeddable":true,"href":"https:\/\/linitiative.ca\/International\/wp-json\/wp\/v2\/tags?post=79665"}],"curies":[{"name":"wp","href":"https:\/\/api.w.org\/{rel}","templated":true}]}}