{"id":79666,"date":"2020-03-20T17:18:07","date_gmt":"2020-03-20T21:18:07","guid":{"rendered":"https:\/\/linitiative.ca\/International\/cote-divoire-ouattara-nomme-des-ministres-interimaires-aux-affaires-etrangeres-et-a-la-culture\/"},"modified":"2020-03-20T17:18:07","modified_gmt":"2020-03-20T21:18:07","slug":"cote-divoire-ouattara-nomme-des-ministres-interimaires-aux-affaires-etrangeres-et-a-la-culture","status":"publish","type":"post","link":"https:\/\/linitiative.ca\/International\/cote-divoire-ouattara-nomme-des-ministres-interimaires-aux-affaires-etrangeres-et-a-la-culture\/","title":{"rendered":"C\u00f4te d\u2019Ivoire :  Ouattara nomme des ministres int\u00e9rimaires aux Affaires \u00e9trang\u00e8res et \u00e0 la Culture"},"content":{"rendered":"<div readability=\"32\">\n<p>Publi\u00e9 le 20.03.2020 \u00e0 22h18 par APA News<\/p>\n<\/div>\n<div readability=\"57\">\n<p>Le pr\u00e9sident ivoirien Alassane Ouattara a sign\u00e9 vendredi deux d\u00e9crets portant int\u00e9rim du minist\u00e8re des Affaires \u00e9trang\u00e8res et au minist\u00e8re de la Culture et de la Francophonie, a appris APA de source officielle.\u00ab M. Ally Coulibaly, ministre de l\u2019Int\u00e9gration africaine et des ivoiriens de l\u2019ext\u00e9rieur exerce \u00e0 titre int\u00e9rimaire les fonctions de ministre des Affaires \u00e9trang\u00e8res\u2026 Mme Raymonde Goudou Coffie, ministre de la Modernisation de l\u2019administration et de l\u2019innovation du service public, exerce, \u00e0 titre int\u00e9rimaire les fonctions de ministre de la Culture et de la Francophonie \u00bb, rapporte un communiqu\u00e9 de la pr\u00e9sidence ivoirienne.\u00a0<\/p>\n<p>C\u2019est le 04 mars dernier, que le gouvernement ivoirien a annonc\u00e9, au terme d\u2019un Conseil des ministres, la nomination de M. Maurice Kouakou Bandaman, anciennement ministre de la Culture et de la Francophonie au poste d\u2019Ambassadeur de la C\u00f4te d\u2019Ivoire en France.\u00a0<\/p>\n<p>Jeudi, dans une note d\u2019information diffus\u00e9e sur les r\u00e9seaux sociaux, M. Marcel Amon-Tanoh, le ministre des Affaires \u00e9trang\u00e8res, a annonc\u00e9 lui-m\u00eame sa d\u00e9mission du gouvernement du premier ministre Amadou Gon Coulibaly.<\/p>\n<\/div>\n<p>Auteur: APA News<br \/>\n<a href=\"https:\/\/www.journalducameroun.com\/cote-divoire-ouattara-nomme-des-ministres-interimaires-aux-affaires-etrangeres-et-a-la-culture\/\">Cliquez ici pour lire l&rsquo;article depuis sa source.<\/a><\/p>\n","protected":false},"excerpt":{"rendered":"<p>Publi\u00e9 le 20.03.2020 \u00e0 22h18 par APA News Le pr\u00e9sident ivoirien Alassane Ouattara a sign\u00e9 vendredi deux d\u00e9crets portant int\u00e9rim du minist\u00e8re des Affaires \u00e9trang\u00e8res et au minist\u00e8re de la Culture et de la Francophonie, a appris APA de source officielle.\u00ab M. Ally Coulibaly, ministre de l\u2019Int\u00e9gration africaine et des ivoiriens de l\u2019ext\u00e9rieur exerce \u00e0 [&hellip;]<\/p>\n","protected":false},"author":1965,"featured_media":0,"comment_status":"closed","ping_status":"closed","sticky":false,"template":"","format":"standard","meta":{"fifu_image_url":"","fifu_image_alt":"","footnotes":""},"categories":[73,82],"tags":[],"class_list":["post-79666","post","type-post","status-publish","format-standard","hentry","category-actualite","category-cameroun"],"_links":{"self":[{"href":"https:\/\/linitiative.ca\/International\/wp-json\/wp\/v2\/posts\/79666","targetHints":{"allow":["GET"]}}],"collection":[{"href":"https:\/\/linitiative.ca\/International\/wp-json\/wp\/v2\/posts"}],"about":[{"href":"https:\/\/linitiative.ca\/International\/wp-json\/wp\/v2\/types\/post"}],"author":[{"embeddable":true,"href":"https:\/\/linitiative.ca\/International\/wp-json\/wp\/v2\/users\/1965"}],"replies":[{"embeddable":true,"href":"https:\/\/linitiative.ca\/International\/wp-json\/wp\/v2\/comments?post=79666"}],"version-history":[{"count":0,"href":"https:\/\/linitiative.ca\/International\/wp-json\/wp\/v2\/posts\/79666\/revisions"}],"wp:attachment":[{"href":"https:\/\/linitiative.ca\/International\/wp-json\/wp\/v2\/media?parent=79666"}],"wp:term":[{"taxonomy":"category","embeddable":true,"href":"https:\/\/linitiative.ca\/International\/wp-json\/wp\/v2\/categories?post=79666"},{"taxonomy":"post_tag","embeddable":true,"href":"https:\/\/linitiative.ca\/International\/wp-json\/wp\/v2\/tags?post=79666"}],"curies":[{"name":"wp","href":"https:\/\/api.w.org\/{rel}","templated":true}]}}