{"id":79667,"date":"2020-03-20T15:29:21","date_gmt":"2020-03-20T19:29:21","guid":{"rendered":"https:\/\/linitiative.ca\/International\/victor-fotso-est-decede\/"},"modified":"2020-03-20T15:29:21","modified_gmt":"2020-03-20T19:29:21","slug":"victor-fotso-est-decede","status":"publish","type":"post","link":"https:\/\/linitiative.ca\/International\/victor-fotso-est-decede\/","title":{"rendered":"Victor Fotso est d\u00e9c\u00e9d\u00e9"},"content":{"rendered":"<div id=\"the-post\">\n<div class=\"featured-area featured-area-inner\"><img loading=\"lazy\" decoding=\"async\" width=\"780\" height=\"470\" src=\"https:\/\/ecomatin.net\/wp-content\/uploads\/2020\/03\/Victor_Fotso-780x470.jpg\" class=\"attachment-jannah-image-post size-jannah-image-post wp-post-image\" alt=\"Victor Fotso\" srcset=\"https:\/\/ecomatin.net\/wp-content\/uploads\/2020\/03\/Victor_Fotso-780x470.jpg 780w, https:\/\/ecomatin.net\/wp-content\/uploads\/2020\/03\/Victor_Fotso-300x180.jpg 300w\" sizes=\"auto, (max-width: 780px) 100vw, 780px\" data-attachment-id=\"14097\" data-permalink=\"https:\/\/ecomatin.net\/victor-fotso-est-decede\/victor_fotso\/\" data-orig-file=\"https:\/\/ecomatin.net\/wp-content\/uploads\/2020\/03\/Victor_Fotso.jpg\" data-orig-size=\"1000,600\" data-comments-opened=\"0\" data-image-meta=\"{&quot;aperture&quot;:&quot;0&quot;,&quot;credit&quot;:&quot;&quot;,&quot;camera&quot;:&quot;&quot;,&quot;caption&quot;:&quot;&quot;,&quot;created_timestamp&quot;:&quot;0&quot;,&quot;copyright&quot;:&quot;&quot;,&quot;focal_length&quot;:&quot;0&quot;,&quot;iso&quot;:&quot;0&quot;,&quot;shutter_speed&quot;:&quot;0&quot;,&quot;title&quot;:&quot;&quot;,&quot;orientation&quot;:&quot;0&quot;}\" data-image-title=\"Victor_Fotso\" data-image-description=\"\" data-medium-file=\"https:\/\/ecomatin.net\/wp-content\/uploads\/2020\/03\/Victor_Fotso-300x180.jpg\" data-large-file=\"https:\/\/ecomatin.net\/wp-content\/uploads\/2020\/03\/Victor_Fotso.jpg\"\/> Victor Fotso<\/div>\n<div class=\"entry-content entry clearfix\" readability=\"27.2124151309\">\n<p>C\u2019est une grande perte pour le Cameroun. Victor Fotso, 94 ans, est d\u00e9c\u00e9d\u00e9 ce jour dans la capitale fran\u00e7aise. L\u2019industriel, homme d\u2019affaires et homme politique camerounais \u00e9tait malade depuis des ann\u00e9es. Mais ces derniers mois, son \u00e9tat de sant\u00e9 s\u2019est brusquement d\u00e9grad\u00e9. Victor Fotso laisse ainsi une grande famille biologique, un immense empire \u00e9conomique, et toute la ville de Bandjoun dont il \u00e9tait maire et qu\u2019il a grandement contribu\u00e9 \u00e0 b\u00e2tir, sans capitaine. EcoMatin revient tr\u00e8s bient\u00f4t sur la trajectoire hors-norme de ce g\u00e9ant.<\/p>\n<div class=\"awac-wrapper awac widget posts-list-widget-13\">\n<h4 class=\"widget-title\">Recent Posts<\/h4>\n<\/div>\n<\/div>\n<\/div>\n<div readability=\"31.5\">\n<div class=\"container-wrapper subscribe-widget widget-inner-wrap subscribe-widget-content\" id=\"post-newsletter\" readability=\"33\">\n<h4>With Product You Purchase<\/h4>\n<h3>Subscribe to our mailing list to get the new updates!<\/h3>\n<p>Lorem ipsum dolor sit amet, consectetur.<\/p>\n<\/div>\n<\/div>\n<p>Auteur: Clovis Mbeng<br \/>\n<a href=\"https:\/\/ecomatin.net\/victor-fotso-est-decede\/\">Cliquez ici pour lire l&rsquo;article depuis sa source.<\/a><\/p>\n","protected":false},"excerpt":{"rendered":"<p>Victor Fotso C\u2019est une grande perte pour le Cameroun. Victor Fotso, 94 ans, est d\u00e9c\u00e9d\u00e9 ce jour dans la capitale fran\u00e7aise. L\u2019industriel, homme d\u2019affaires et homme politique camerounais \u00e9tait malade depuis des ann\u00e9es. Mais ces derniers mois, son \u00e9tat de sant\u00e9 s\u2019est brusquement d\u00e9grad\u00e9. Victor Fotso laisse ainsi une grande famille biologique, un immense empire [&hellip;]<\/p>\n","protected":false},"author":1969,"featured_media":79668,"comment_status":"closed","ping_status":"closed","sticky":false,"template":"","format":"standard","meta":{"fifu_image_url":"","fifu_image_alt":"","footnotes":""},"categories":[82,78],"tags":[],"class_list":["post-79667","post","type-post","status-publish","format-standard","has-post-thumbnail","hentry","category-cameroun","category-economie"],"_links":{"self":[{"href":"https:\/\/linitiative.ca\/International\/wp-json\/wp\/v2\/posts\/79667","targetHints":{"allow":["GET"]}}],"collection":[{"href":"https:\/\/linitiative.ca\/International\/wp-json\/wp\/v2\/posts"}],"about":[{"href":"https:\/\/linitiative.ca\/International\/wp-json\/wp\/v2\/types\/post"}],"author":[{"embeddable":true,"href":"https:\/\/linitiative.ca\/International\/wp-json\/wp\/v2\/users\/1969"}],"replies":[{"embeddable":true,"href":"https:\/\/linitiative.ca\/International\/wp-json\/wp\/v2\/comments?post=79667"}],"version-history":[{"count":0,"href":"https:\/\/linitiative.ca\/International\/wp-json\/wp\/v2\/posts\/79667\/revisions"}],"wp:featuredmedia":[{"embeddable":true,"href":"https:\/\/linitiative.ca\/International\/wp-json\/"}],"wp:attachment":[{"href":"https:\/\/linitiative.ca\/International\/wp-json\/wp\/v2\/media?parent=79667"}],"wp:term":[{"taxonomy":"category","embeddable":true,"href":"https:\/\/linitiative.ca\/International\/wp-json\/wp\/v2\/categories?post=79667"},{"taxonomy":"post_tag","embeddable":true,"href":"https:\/\/linitiative.ca\/International\/wp-json\/wp\/v2\/tags?post=79667"}],"curies":[{"name":"wp","href":"https:\/\/api.w.org\/{rel}","templated":true}]}}