{"id":79669,"date":"2020-03-21T09:32:48","date_gmt":"2020-03-21T13:32:48","guid":{"rendered":"https:\/\/linitiative.ca\/International\/coronavirus-adhesion-generale-des-collaborateurs-cdg-a-lelan-national-de-solidarite\/"},"modified":"2020-03-21T09:32:48","modified_gmt":"2020-03-21T13:32:48","slug":"coronavirus-adhesion-generale-des-collaborateurs-cdg-a-lelan-national-de-solidarite","status":"publish","type":"post","link":"https:\/\/linitiative.ca\/International\/coronavirus-adhesion-generale-des-collaborateurs-cdg-a-lelan-national-de-solidarite\/","title":{"rendered":"Coronavirus : Adh\u00e9sion g\u00e9n\u00e9rale des collaborateurs CDG \u00e0 l\u2019\u00e9lan national de solidarit\u00e9"},"content":{"rendered":"<header>\n<\/header>\n<div class=\"entry-content clearfix\" readability=\"46\"><img decoding=\"async\" class=\"post_layout_5_img\" src=\"http:\/\/aujourdhui.ma\/wp-content\/uploads\/2018\/08\/CDG.jpg?x29840\" alt=\"Coronavirus : Adh&#xE9;sion g&#xE9;n&#xE9;rale des collaborateurs CDG &#xE0; l&#x2019;&#xE9;lan national de solidarit&#xE9;\"\/><\/p>\n<p><span class=\"c4\"><strong>\u00a0L\u2019ensemble des collaborateurs du Groupe CDG contribuent au Fonds Sp\u00e9cial pour la gestion de la pand\u00e9mie du \u201c Coronavirus\u201d.<\/strong><\/span><\/p>\n<p>Il a \u00e9t\u00e9 d\u00e9cid\u00e9 dans ce sens une donation d\u2019un mois de salaire de la part des cadres dirigeants du groupe.\u00a0 De m\u00eame, les directeurs font don de la moiti\u00e9 de leur salaire mensuel (50%) au moment o\u00f9 les autres cat\u00e9gories du personnel mettront 10% de leur salaire mensuel au profit du Fonds.<\/p>\n<p>Par ailleurs, le Groupe CDG r\u00e9it\u00e8re son engagement \u00e0 mettre \u00e0 contribution l\u2019ensemble de ses moyens humains, financiers et techniques pour continuer \u00e0 assurer ses missions au service de l\u2019int\u00e9r\u00eat g\u00e9n\u00e9ral, contribuant ainsi \u00e0 la stabilisation et \u00e0 la protection de l\u2019\u00e9conomie nationale.\u00a0\u00a0<span class=\"c5\"><br \/><\/span><\/p>\n<\/div>\n<p>Auteur: ALM<br \/>\n<a href=\"http:\/\/aujourdhui.ma\/societe\/coronavirus-adhesion-generale-des-collaborateurs-cdg-a-lelan-national-de-solidarite\">Cliquez ici pour lire l&rsquo;article depuis sa source.<\/a><\/p>\n","protected":false},"excerpt":{"rendered":"<p>\u00a0L\u2019ensemble des collaborateurs du Groupe CDG contribuent au Fonds Sp\u00e9cial pour la gestion de la pand\u00e9mie du \u201c Coronavirus\u201d. Il a \u00e9t\u00e9 d\u00e9cid\u00e9 dans ce sens une donation d\u2019un mois de salaire de la part des cadres dirigeants du groupe.\u00a0 De m\u00eame, les directeurs font don de la moiti\u00e9 de leur salaire mensuel (50%) au [&hellip;]<\/p>\n","protected":false},"author":1759,"featured_media":0,"comment_status":"closed","ping_status":"closed","sticky":false,"template":"","format":"standard","meta":{"fifu_image_url":"","fifu_image_alt":"","footnotes":""},"categories":[73,54],"tags":[],"class_list":["post-79669","post","type-post","status-publish","format-standard","hentry","category-actualite","category-maroc"],"_links":{"self":[{"href":"https:\/\/linitiative.ca\/International\/wp-json\/wp\/v2\/posts\/79669","targetHints":{"allow":["GET"]}}],"collection":[{"href":"https:\/\/linitiative.ca\/International\/wp-json\/wp\/v2\/posts"}],"about":[{"href":"https:\/\/linitiative.ca\/International\/wp-json\/wp\/v2\/types\/post"}],"author":[{"embeddable":true,"href":"https:\/\/linitiative.ca\/International\/wp-json\/wp\/v2\/users\/1759"}],"replies":[{"embeddable":true,"href":"https:\/\/linitiative.ca\/International\/wp-json\/wp\/v2\/comments?post=79669"}],"version-history":[{"count":0,"href":"https:\/\/linitiative.ca\/International\/wp-json\/wp\/v2\/posts\/79669\/revisions"}],"wp:attachment":[{"href":"https:\/\/linitiative.ca\/International\/wp-json\/wp\/v2\/media?parent=79669"}],"wp:term":[{"taxonomy":"category","embeddable":true,"href":"https:\/\/linitiative.ca\/International\/wp-json\/wp\/v2\/categories?post=79669"},{"taxonomy":"post_tag","embeddable":true,"href":"https:\/\/linitiative.ca\/International\/wp-json\/wp\/v2\/tags?post=79669"}],"curies":[{"name":"wp","href":"https:\/\/api.w.org\/{rel}","templated":true}]}}