{"id":79670,"date":"2020-03-21T09:47:03","date_gmt":"2020-03-21T13:47:03","guid":{"rendered":"https:\/\/linitiative.ca\/International\/covid-19-lindustrie-agroalimentaire-assure-un-approvisionnement-suffisant\/"},"modified":"2020-03-21T09:47:03","modified_gmt":"2020-03-21T13:47:03","slug":"covid-19-lindustrie-agroalimentaire-assure-un-approvisionnement-suffisant","status":"publish","type":"post","link":"https:\/\/linitiative.ca\/International\/covid-19-lindustrie-agroalimentaire-assure-un-approvisionnement-suffisant\/","title":{"rendered":"Covid-19 :  L\u2019industrie agroalimentaire assure un approvisionnement suffisant"},"content":{"rendered":"<header>\n<\/header>\n<div class=\"entry-content clearfix\" readability=\"52\"><img decoding=\"async\" class=\"post_layout_5_img\" src=\"http:\/\/aujourdhui.ma\/wp-content\/uploads\/2017\/04\/agroalimentaire.jpg?x29840\" alt=\"Covid-19 : L&#x2019;industrie agroalimentaire assure un approvisionnement suffisant\"\/><\/p>\n<p><span class=\"c4\"><strong>Par crainte d\u2019une p\u00e9nurie alimentaire li\u00e9e au coronavirus, un grand nombre de personnes s\u2019est pr\u00e9cipit\u00e9 pour s\u2019approvisionner ces derniers jours en grande quantit\u00e9.<\/strong><\/span><\/p>\n<p><span id=\"more-337721\"\/><br \/>La F\u00e9d\u00e9ration nationale de l\u2019agroalimentaire rassure, \u00e0 travers un communiqu\u00e9, en soulignant que approvisionnement normal et suffisant du march\u00e9 national en produits alimentaires est continu.<br \/>Malgr\u00e9 cette conjoncture difficile engendr\u00e9e par la pand\u00e9mie du Covid-19, et l\u2019entr\u00e9e en vigueur de l\u2019\u00e9tat d\u2019urgence sanitaire dans l\u2019objectif de la circonscrire, les entreprises de l\u2019agroalimentaire sont mobilis\u00e9es pour l\u2019effort national et continuent \u00e0 assurer les besoins des citoyens, tout en respectant au mieux les mesures de confinement envers leurs collaborateurs.<br \/>La situation ne suscite aucune inqui\u00e9tude \u00e0 ce niveau : l\u2019offre actuelle en produits agroalimentaires, notamment de premi\u00e8re n\u00e9cessit\u00e9 d\u00e9passe largement la demande.<br \/>Les entreprises de l\u2019agroalimentaire fonctionnent \u00e0 ce jour et sont pleinement engag\u00e9es, rassure M. El Eulj Abdelmounim, pr\u00e9sident de la F\u00e9d\u00e9ration nationale de l\u2019agroalimentaire.<\/p>\n<p>Il explique qu\u2019il y a \u00ab\u00a0une continuit\u00e9 d\u2019activit\u00e9 entre la production, la transformation et la distribution que nous veillons de pr\u00e9server en collaboration avec les professionnels et services administratifs concern\u00e9s\u00a0\u00bb.<\/p>\n<\/div>\n<p>Auteur: ALM<br \/>\n<a href=\"http:\/\/aujourdhui.ma\/economie\/covid-19-lindustrie-agroalimentaire-assure-un-approvisionnement-suffisant\">Cliquez ici pour lire l&rsquo;article depuis sa source.<\/a><\/p>\n","protected":false},"excerpt":{"rendered":"<p>Par crainte d\u2019une p\u00e9nurie alimentaire li\u00e9e au coronavirus, un grand nombre de personnes s\u2019est pr\u00e9cipit\u00e9 pour s\u2019approvisionner ces derniers jours en grande quantit\u00e9. La F\u00e9d\u00e9ration nationale de l\u2019agroalimentaire rassure, \u00e0 travers un communiqu\u00e9, en soulignant que approvisionnement normal et suffisant du march\u00e9 national en produits alimentaires est continu.Malgr\u00e9 cette conjoncture difficile engendr\u00e9e par la pand\u00e9mie [&hellip;]<\/p>\n","protected":false},"author":1759,"featured_media":0,"comment_status":"closed","ping_status":"closed","sticky":false,"template":"","format":"standard","meta":{"fifu_image_url":"","fifu_image_alt":"","footnotes":""},"categories":[73,54],"tags":[],"class_list":["post-79670","post","type-post","status-publish","format-standard","hentry","category-actualite","category-maroc"],"_links":{"self":[{"href":"https:\/\/linitiative.ca\/International\/wp-json\/wp\/v2\/posts\/79670","targetHints":{"allow":["GET"]}}],"collection":[{"href":"https:\/\/linitiative.ca\/International\/wp-json\/wp\/v2\/posts"}],"about":[{"href":"https:\/\/linitiative.ca\/International\/wp-json\/wp\/v2\/types\/post"}],"author":[{"embeddable":true,"href":"https:\/\/linitiative.ca\/International\/wp-json\/wp\/v2\/users\/1759"}],"replies":[{"embeddable":true,"href":"https:\/\/linitiative.ca\/International\/wp-json\/wp\/v2\/comments?post=79670"}],"version-history":[{"count":0,"href":"https:\/\/linitiative.ca\/International\/wp-json\/wp\/v2\/posts\/79670\/revisions"}],"wp:attachment":[{"href":"https:\/\/linitiative.ca\/International\/wp-json\/wp\/v2\/media?parent=79670"}],"wp:term":[{"taxonomy":"category","embeddable":true,"href":"https:\/\/linitiative.ca\/International\/wp-json\/wp\/v2\/categories?post=79670"},{"taxonomy":"post_tag","embeddable":true,"href":"https:\/\/linitiative.ca\/International\/wp-json\/wp\/v2\/tags?post=79670"}],"curies":[{"name":"wp","href":"https:\/\/api.w.org\/{rel}","templated":true}]}}