{"id":79671,"date":"2020-03-21T09:58:14","date_gmt":"2020-03-21T13:58:14","guid":{"rendered":"https:\/\/linitiative.ca\/International\/conseils-pratiques-de-la-part-dune-professionnelle-de-la-sante\/"},"modified":"2020-03-21T09:58:14","modified_gmt":"2020-03-21T13:58:14","slug":"conseils-pratiques-de-la-part-dune-professionnelle-de-la-sante","status":"publish","type":"post","link":"https:\/\/linitiative.ca\/International\/conseils-pratiques-de-la-part-dune-professionnelle-de-la-sante\/","title":{"rendered":"Conseils pratiques de la part d\u2019une professionnelle de la sant\u00e9"},"content":{"rendered":"<header>\n<div class=\"entry-post-meta\">\n<div class=\"author-link\">Publi\u00e9 par <a itemprop=\"author\" itemscope=\"\" itemtype=\"https:\/\/schema.org\/Person\" href=\"http:\/\/aujourdhui.ma\/profile\/kaid\" rel=\"author\"><span itemprop=\"name\">ALM<\/span><\/a><\/div>\n<p>Date\u00a0:<time content=\"2020-03-21T14:58:14+00:00\" class=\"entry-date updated\" datetime=\"2020-03-21T14:58:14+00:00\">mars 21, 2020<\/time><\/p>\n<p>2Vues<\/p>\n<\/div>\n<\/header>\n<div class=\"entry-content clearfix\" readability=\"41\">\n<p><iframe loading=\"lazy\" width=\"536\" height=\"323\" src=\"\/\/www.youtube.com\/embed\/p8FsUsqEU-k?\" frameborder=\"0\" allowfullscreen=\"\">[embedded content]<\/iframe><\/p>\n<p><span class=\"c4\"><strong>Lavage r\u00e9gulier des mains, utilisation de mouchoir \u00e0 usage unique, prise de distance entre interlocuteurs, etc.<\/strong><\/span><span id=\"more-337732\"\/><\/p>\n<p>Ce sont l\u00e0 les principaux gestes barri\u00e8res \u00e0 appliquer pour se prot\u00e9ger du Coronavirus (Covid-19) et casser sa cha\u00eene de transmission. Dans cette vid\u00e9o, une professionnelle de la sant\u00e9 vous initie aux bons gestes \u00e0 prendre pour limiter la propagation du virus.<br \/><strong>Reportage Chafik Arich<\/strong><\/p>\n<\/div>\n<p>Auteur: ALM<br \/>\n<a href=\"http:\/\/aujourdhui.ma\/societe\/conseils-pratiques-de-la-part-dune-professionnelle-de-la-sante\">Cliquez ici pour lire l&rsquo;article depuis sa source.<\/a><\/p>\n","protected":false},"excerpt":{"rendered":"<p>Publi\u00e9 par ALM Date\u00a0:mars 21, 2020 2Vues [embedded content] Lavage r\u00e9gulier des mains, utilisation de mouchoir \u00e0 usage unique, prise de distance entre interlocuteurs, etc. Ce sont l\u00e0 les principaux gestes barri\u00e8res \u00e0 appliquer pour se prot\u00e9ger du Coronavirus (Covid-19) et casser sa cha\u00eene de transmission. Dans cette vid\u00e9o, une professionnelle de la sant\u00e9 vous [&hellip;]<\/p>\n","protected":false},"author":1759,"featured_media":0,"comment_status":"closed","ping_status":"closed","sticky":false,"template":"","format":"standard","meta":{"fifu_image_url":"","fifu_image_alt":"","footnotes":""},"categories":[73,54],"tags":[],"class_list":["post-79671","post","type-post","status-publish","format-standard","hentry","category-actualite","category-maroc"],"_links":{"self":[{"href":"https:\/\/linitiative.ca\/International\/wp-json\/wp\/v2\/posts\/79671","targetHints":{"allow":["GET"]}}],"collection":[{"href":"https:\/\/linitiative.ca\/International\/wp-json\/wp\/v2\/posts"}],"about":[{"href":"https:\/\/linitiative.ca\/International\/wp-json\/wp\/v2\/types\/post"}],"author":[{"embeddable":true,"href":"https:\/\/linitiative.ca\/International\/wp-json\/wp\/v2\/users\/1759"}],"replies":[{"embeddable":true,"href":"https:\/\/linitiative.ca\/International\/wp-json\/wp\/v2\/comments?post=79671"}],"version-history":[{"count":0,"href":"https:\/\/linitiative.ca\/International\/wp-json\/wp\/v2\/posts\/79671\/revisions"}],"wp:attachment":[{"href":"https:\/\/linitiative.ca\/International\/wp-json\/wp\/v2\/media?parent=79671"}],"wp:term":[{"taxonomy":"category","embeddable":true,"href":"https:\/\/linitiative.ca\/International\/wp-json\/wp\/v2\/categories?post=79671"},{"taxonomy":"post_tag","embeddable":true,"href":"https:\/\/linitiative.ca\/International\/wp-json\/wp\/v2\/tags?post=79671"}],"curies":[{"name":"wp","href":"https:\/\/api.w.org\/{rel}","templated":true}]}}