{"id":79672,"date":"2020-03-21T11:03:32","date_gmt":"2020-03-21T15:03:32","guid":{"rendered":"https:\/\/linitiative.ca\/International\/la-cgem-letat-et-les-syndicats-se-serrent-les-coudes-un-don-de-500-millions-de-dirhams-fait-au-fonds-de-gestion-anti-covid-19\/"},"modified":"2020-03-21T11:03:32","modified_gmt":"2020-03-21T15:03:32","slug":"la-cgem-letat-et-les-syndicats-se-serrent-les-coudes-un-don-de-500-millions-de-dirhams-fait-au-fonds-de-gestion-anti-covid-19","status":"publish","type":"post","link":"https:\/\/linitiative.ca\/International\/la-cgem-letat-et-les-syndicats-se-serrent-les-coudes-un-don-de-500-millions-de-dirhams-fait-au-fonds-de-gestion-anti-covid-19\/","title":{"rendered":"La CGEM, l\u2019\u00c9tat et les syndicats se serrent les coudes : Un don de 500 millions de dirhams fait au fonds de Gestion Anti Covid-19"},"content":{"rendered":"<header>\n<\/header>\n<div class=\"entry-content clearfix\" readability=\"48\"><img decoding=\"async\" class=\"post_layout_5_img\" src=\"http:\/\/aujourdhui.ma\/wp-content\/uploads\/2020\/03\/Aeroport-Coronavirus.jpg?x29840\" alt=\"La CGEM, l&#x2019;&#xC9;tat et les syndicats se serrent les coudes : Un don de 500 millions de dirhams fait au fonds de Gestion Anti Covid-19\"\/><\/p>\n<p><span class=\"c4\"><strong>La CGEM, l\u2019\u00c9tat et les syndicats participent au Fonds de Gestion Anti-Coronavirus.<\/strong><\/span> <span id=\"more-337755\"\/><\/p>\n<p>A l\u2019initiative de la CGEM et avec l\u2019accord de l\u2019\u00c9tat et des syndicats, il a \u00e9t\u00e9 d\u00e9cid\u00e9 de faire don de 500 millions de dirhams au Fonds de Gestion du Coronavirus mis en place, dimanche dernier, sur hautes instructions de Sa Majest\u00e9 le Roi Mohammed VI que Dieu l\u2019Assiste, expliquent les trois parties ajoutant que cette action vient accompagner l\u2019\u00e9lan de solidarit\u00e9 et les efforts de l\u2019ensemble des forces vives de notre pays pour faire face \u00e0 la pand\u00e9mie.<\/p>\n<p>Notons que ces 500 millions de dirhams seront r\u00e9affect\u00e9s du fonds de la taxe sur la formation professionnelle financ\u00e9e par les employeurs. Enfin, ce fonds est g\u00e9r\u00e9 par un comit\u00e9 tripartite compos\u00e9 de repr\u00e9sentants de la CGEM, des syndicats et de l\u2019Etat.<\/p>\n<\/div>\n<p>Auteur: ALM<br \/>\n<a href=\"http:\/\/aujourdhui.ma\/economie\/la-cgem-letat-et-les-syndicats-se-serrent-les-coudes-un-don-de-500-millions-de-dirhams-fait-au-fonds-de-gestion-anti-covid-19\">Cliquez ici pour lire l&rsquo;article depuis sa source.<\/a><\/p>\n","protected":false},"excerpt":{"rendered":"<p>La CGEM, l\u2019\u00c9tat et les syndicats participent au Fonds de Gestion Anti-Coronavirus. A l\u2019initiative de la CGEM et avec l\u2019accord de l\u2019\u00c9tat et des syndicats, il a \u00e9t\u00e9 d\u00e9cid\u00e9 de faire don de 500 millions de dirhams au Fonds de Gestion du Coronavirus mis en place, dimanche dernier, sur hautes instructions de Sa Majest\u00e9 le [&hellip;]<\/p>\n","protected":false},"author":1759,"featured_media":0,"comment_status":"closed","ping_status":"closed","sticky":false,"template":"","format":"standard","meta":{"fifu_image_url":"","fifu_image_alt":"","footnotes":""},"categories":[73,54],"tags":[],"class_list":["post-79672","post","type-post","status-publish","format-standard","hentry","category-actualite","category-maroc"],"_links":{"self":[{"href":"https:\/\/linitiative.ca\/International\/wp-json\/wp\/v2\/posts\/79672","targetHints":{"allow":["GET"]}}],"collection":[{"href":"https:\/\/linitiative.ca\/International\/wp-json\/wp\/v2\/posts"}],"about":[{"href":"https:\/\/linitiative.ca\/International\/wp-json\/wp\/v2\/types\/post"}],"author":[{"embeddable":true,"href":"https:\/\/linitiative.ca\/International\/wp-json\/wp\/v2\/users\/1759"}],"replies":[{"embeddable":true,"href":"https:\/\/linitiative.ca\/International\/wp-json\/wp\/v2\/comments?post=79672"}],"version-history":[{"count":0,"href":"https:\/\/linitiative.ca\/International\/wp-json\/wp\/v2\/posts\/79672\/revisions"}],"wp:attachment":[{"href":"https:\/\/linitiative.ca\/International\/wp-json\/wp\/v2\/media?parent=79672"}],"wp:term":[{"taxonomy":"category","embeddable":true,"href":"https:\/\/linitiative.ca\/International\/wp-json\/wp\/v2\/categories?post=79672"},{"taxonomy":"post_tag","embeddable":true,"href":"https:\/\/linitiative.ca\/International\/wp-json\/wp\/v2\/tags?post=79672"}],"curies":[{"name":"wp","href":"https:\/\/api.w.org\/{rel}","templated":true}]}}