{"id":79673,"date":"2020-03-21T11:22:27","date_gmt":"2020-03-21T15:22:27","guid":{"rendered":"https:\/\/linitiative.ca\/International\/etat-durgence-sanitaire-la-carte-professionnelle-seul-document-exige-pour-la-circulation-des-journalistes\/"},"modified":"2020-03-21T11:22:27","modified_gmt":"2020-03-21T15:22:27","slug":"etat-durgence-sanitaire-la-carte-professionnelle-seul-document-exige-pour-la-circulation-des-journalistes","status":"publish","type":"post","link":"https:\/\/linitiative.ca\/International\/etat-durgence-sanitaire-la-carte-professionnelle-seul-document-exige-pour-la-circulation-des-journalistes\/","title":{"rendered":"Etat d\u2019urgence sanitaire :  La carte professionnelle seul document exig\u00e9 pour la circulation des journalistes"},"content":{"rendered":"<header>\n<\/header>\n<div class=\"entry-content clearfix\" readability=\"44\"><img decoding=\"async\" class=\"post_layout_5_img\" src=\"http:\/\/aujourdhui.ma\/wp-content\/uploads\/2020\/03\/Carte-de-presse-professionnelle.jpg?x29840\" alt=\"Etat d&#x2019;urgence sanitaire : La carte professionnelle seul document exig&#xE9; pour la circulation des journalistes\"\/><\/p>\n<p><span class=\"c4\"><strong>Selon un communiqu\u00e9 du Conseil National de la Presse, la carte de presse professionnelle est le seul document exig\u00e9 pour les journalistes pour circuler et exercer leur travail quotidien d\u2019une mani\u00e8re normale lors de l\u2019\u00e9tat d\u2019urgence sanitaire entr\u00e9 en vigueur vendredi \u00e0 18h00.<\/strong><\/span><\/p>\n<p><span id=\"more-337759\"\/><br \/>Cette d\u00e9cision vient suite \u00e0 la correspondance adress\u00e9e par le Conseil au ministre de l\u2019Int\u00e9rieur et \u00e0 la Direction G\u00e9n\u00e9rale de la S\u00fbret\u00e9 Nationale, et qui \u00ab ont interagi selon le m\u00eame document d\u2019une mani\u00e8re positive avec la requ\u00eate du Conseil, en donnant leurs instructions aux diff\u00e9rents services pour permettre aux journalistes titulaires de la carte professionnelle de circuler librement pour les consid\u00e9rations li\u00e9es \u00e0 leur travail quotidien \u00bb.<br \/>Par l\u2019occasion le Conseil appelle, ceux-ci \u00e0 respecter les mesures instaur\u00e9es par les pouvoirs publics en raison de l\u2019\u00e9tat d\u2019urgence sanitaire, et contribuer dans \u00e0 sa mise en \u0153uvre.<\/p>\n<\/div>\n<p>Auteur: ALM<br \/>\n<a href=\"http:\/\/aujourdhui.ma\/actualite\/etat-durgence-sanitaire-la-carte-professionnelle-seul-document-exige-pour-la-circulation-des-journalistes\">Cliquez ici pour lire l&rsquo;article depuis sa source.<\/a><\/p>\n","protected":false},"excerpt":{"rendered":"<p>Selon un communiqu\u00e9 du Conseil National de la Presse, la carte de presse professionnelle est le seul document exig\u00e9 pour les journalistes pour circuler et exercer leur travail quotidien d\u2019une mani\u00e8re normale lors de l\u2019\u00e9tat d\u2019urgence sanitaire entr\u00e9 en vigueur vendredi \u00e0 18h00. Cette d\u00e9cision vient suite \u00e0 la correspondance adress\u00e9e par le Conseil au [&hellip;]<\/p>\n","protected":false},"author":1759,"featured_media":0,"comment_status":"closed","ping_status":"closed","sticky":false,"template":"","format":"standard","meta":{"fifu_image_url":"","fifu_image_alt":"","footnotes":""},"categories":[73,54],"tags":[],"class_list":["post-79673","post","type-post","status-publish","format-standard","hentry","category-actualite","category-maroc"],"_links":{"self":[{"href":"https:\/\/linitiative.ca\/International\/wp-json\/wp\/v2\/posts\/79673","targetHints":{"allow":["GET"]}}],"collection":[{"href":"https:\/\/linitiative.ca\/International\/wp-json\/wp\/v2\/posts"}],"about":[{"href":"https:\/\/linitiative.ca\/International\/wp-json\/wp\/v2\/types\/post"}],"author":[{"embeddable":true,"href":"https:\/\/linitiative.ca\/International\/wp-json\/wp\/v2\/users\/1759"}],"replies":[{"embeddable":true,"href":"https:\/\/linitiative.ca\/International\/wp-json\/wp\/v2\/comments?post=79673"}],"version-history":[{"count":0,"href":"https:\/\/linitiative.ca\/International\/wp-json\/wp\/v2\/posts\/79673\/revisions"}],"wp:attachment":[{"href":"https:\/\/linitiative.ca\/International\/wp-json\/wp\/v2\/media?parent=79673"}],"wp:term":[{"taxonomy":"category","embeddable":true,"href":"https:\/\/linitiative.ca\/International\/wp-json\/wp\/v2\/categories?post=79673"},{"taxonomy":"post_tag","embeddable":true,"href":"https:\/\/linitiative.ca\/International\/wp-json\/wp\/v2\/tags?post=79673"}],"curies":[{"name":"wp","href":"https:\/\/api.w.org\/{rel}","templated":true}]}}