{"id":79674,"date":"2020-03-21T07:27:00","date_gmt":"2020-03-21T11:27:00","guid":{"rendered":"https:\/\/linitiative.ca\/International\/563-passagers-en-provenance-distanbul-et-alicante-places-en-confinement\/"},"modified":"2020-03-21T07:27:00","modified_gmt":"2020-03-21T11:27:00","slug":"563-passagers-en-provenance-distanbul-et-alicante-places-en-confinement","status":"publish","type":"post","link":"https:\/\/linitiative.ca\/International\/563-passagers-en-provenance-distanbul-et-alicante-places-en-confinement\/","title":{"rendered":"563 passagers en provenance d&rsquo;Istanbul et Alicante plac\u00e9s en confinement"},"content":{"rendered":"<div id=\"originalText\" readability=\"61\">\n<p>Quelque 563 passagers de deux vols en provenance d&rsquo;Istanbul et Alicante, arriv\u00e9s vendredi apr\u00e8s-midi \u00e0 l&rsquo;a\u00e9roport international \u00ab\u00a0Ahmed Ben Bella\u00a0\u00bb d&rsquo;Oran, ont \u00e9t\u00e9 plac\u00e9s en confinement au niveau de plusieurs h\u00f4tels de la wilaya, a-t-on appris du charg\u00e9 de communication de la wilaya d&rsquo;Oran.<\/p>\n<p>Le premier vol, en provenance d&rsquo;Istanbul, avait quelque 294 passagers \u00e0 bord, a indiqu\u00e9 le responsable, pr\u00e9cisant que ces derniers seront maintenus en confinement durant 14 jours au niveau des h\u00f4tels \u00ab\u00a0El Maghreb El Arabi\u00a0\u00bb, \u00ab\u00a0Le Pr\u00e9sident\u00a0\u00bb et \u00ab\u00a0Le Z\u00e9nith\u00a0\u00bb.<\/p>\n<p>Les passagers du vol en provenance d&rsquo;Alicante, au nombre de 269, ont \u00e9t\u00e9, eux aussi, plac\u00e9s en confinement dans les h\u00f4tels \u00ab\u00a0Libert\u00e9\u00a0\u00bb, \u00ab\u00a0L&rsquo;Express \u00bb et \u00ab\u00a0Les Jasmins \u00bb pour la m\u00eame dur\u00e9e.<\/p>\n<p>L&rsquo;accueil, le transport et le placement de ces passagers se sont d\u00e9roul\u00e9s dans de bonnes conditions, a ajout\u00e9 le responsable, rappelant que des h\u00f4tels ont \u00e9t\u00e9 r\u00e9quisitionn\u00e9s par l&rsquo;Etat dans le cadre des mesures de confinement pr\u00e9ventif contre la propagation du Covid19.<\/p>\n<p class=\"c6\"><strong>APS\u00a0<\/strong><\/p>\n<\/div>\n<div id=\"text_core\" readability=\"61\">\n<p>Quelque 563 passagers de deux vols en provenance d&rsquo;Istanbul et Alicante, arriv\u00e9s vendredi apr\u00e8s-midi \u00e0 l&rsquo;a\u00e9roport international \u00ab\u00a0Ahmed Ben Bella\u00a0\u00bb d&rsquo;Oran, ont \u00e9t\u00e9 plac\u00e9s en confinement au niveau de plusieurs h\u00f4tels de la wilaya, a-t-on appris du charg\u00e9 de communication de la wilaya d&rsquo;Oran.<\/p>\n<p>Le premier vol, en provenance d&rsquo;Istanbul, avait quelque 294 passagers \u00e0 bord, a indiqu\u00e9 le responsable, pr\u00e9cisant que ces derniers seront maintenus en confinement durant 14 jours au niveau des h\u00f4tels \u00ab\u00a0El Maghreb El Arabi\u00a0\u00bb, \u00ab\u00a0Le Pr\u00e9sident\u00a0\u00bb et \u00ab\u00a0Le Z\u00e9nith\u00a0\u00bb.<\/p>\n<p>Les passagers du vol en provenance d&rsquo;Alicante, au nombre de 269, ont \u00e9t\u00e9, eux aussi, plac\u00e9s en confinement dans les h\u00f4tels \u00ab\u00a0Libert\u00e9\u00a0\u00bb, \u00ab\u00a0L&rsquo;Express \u00bb et \u00ab\u00a0Les Jasmins \u00bb pour la m\u00eame dur\u00e9e.<\/p>\n<p>L&rsquo;accueil, le transport et le placement de ces passagers se sont d\u00e9roul\u00e9s dans de bonnes conditions, a ajout\u00e9 le responsable, rappelant que des h\u00f4tels ont \u00e9t\u00e9 r\u00e9quisitionn\u00e9s par l&rsquo;Etat dans le cadre des mesures de confinement pr\u00e9ventif contre la propagation du Covid19.<\/p>\n<p class=\"c6\"><strong>APS\u00a0<\/strong><\/p>\n<\/div>\n<p>Auteur:<br \/>\n<a href=\"https:\/\/www.liberte-algerie.com\/actualite\/563-passagers-en-provenance-distanbul-et-alicante-places-en-confinement-336308\">Cliquez ici pour lire l&rsquo;article depuis sa source.<\/a><\/p>\n","protected":false},"excerpt":{"rendered":"<p>Quelque 563 passagers de deux vols en provenance d&rsquo;Istanbul et Alicante, arriv\u00e9s vendredi apr\u00e8s-midi \u00e0 l&rsquo;a\u00e9roport international \u00ab\u00a0Ahmed Ben Bella\u00a0\u00bb d&rsquo;Oran, ont \u00e9t\u00e9 plac\u00e9s en confinement au niveau de plusieurs h\u00f4tels de la wilaya, a-t-on appris du charg\u00e9 de communication de la wilaya d&rsquo;Oran. Le premier vol, en provenance d&rsquo;Istanbul, avait quelque 294 passagers \u00e0 [&hellip;]<\/p>\n","protected":false},"author":1742,"featured_media":0,"comment_status":"closed","ping_status":"closed","sticky":false,"template":"","format":"standard","meta":{"fifu_image_url":"","fifu_image_alt":"","footnotes":""},"categories":[73,53],"tags":[],"class_list":["post-79674","post","type-post","status-publish","format-standard","hentry","category-actualite","category-algerie"],"_links":{"self":[{"href":"https:\/\/linitiative.ca\/International\/wp-json\/wp\/v2\/posts\/79674","targetHints":{"allow":["GET"]}}],"collection":[{"href":"https:\/\/linitiative.ca\/International\/wp-json\/wp\/v2\/posts"}],"about":[{"href":"https:\/\/linitiative.ca\/International\/wp-json\/wp\/v2\/types\/post"}],"author":[{"embeddable":true,"href":"https:\/\/linitiative.ca\/International\/wp-json\/wp\/v2\/users\/1742"}],"replies":[{"embeddable":true,"href":"https:\/\/linitiative.ca\/International\/wp-json\/wp\/v2\/comments?post=79674"}],"version-history":[{"count":0,"href":"https:\/\/linitiative.ca\/International\/wp-json\/wp\/v2\/posts\/79674\/revisions"}],"wp:attachment":[{"href":"https:\/\/linitiative.ca\/International\/wp-json\/wp\/v2\/media?parent=79674"}],"wp:term":[{"taxonomy":"category","embeddable":true,"href":"https:\/\/linitiative.ca\/International\/wp-json\/wp\/v2\/categories?post=79674"},{"taxonomy":"post_tag","embeddable":true,"href":"https:\/\/linitiative.ca\/International\/wp-json\/wp\/v2\/tags?post=79674"}],"curies":[{"name":"wp","href":"https:\/\/api.w.org\/{rel}","templated":true}]}}