{"id":79679,"date":"2020-03-21T13:48:06","date_gmt":"2020-03-21T17:48:06","guid":{"rendered":"https:\/\/linitiative.ca\/International\/etat-durgence-sanitaire-les-autorites-locales-se-mobilisent\/"},"modified":"2020-03-21T13:48:06","modified_gmt":"2020-03-21T17:48:06","slug":"etat-durgence-sanitaire-les-autorites-locales-se-mobilisent","status":"publish","type":"post","link":"https:\/\/linitiative.ca\/International\/etat-durgence-sanitaire-les-autorites-locales-se-mobilisent\/","title":{"rendered":"Etat d\u2019urgence sanitaire: Les autorit\u00e9s locales se mobilisent"},"content":{"rendered":"<div class=\"single-featured\"><img alt=\"\" data-src=\"http:\/\/www.mapmarrakech.ma\/map\/uploads\/2020\/03\/etatdurgencechichaoua-copier.jpg\"\/><\/div>\n<div class=\"single-post-excerpt post-excerpt-bc\" readability=\"40\">\n<p>Marrakech \u2013 D\u00e8s l\u2019entr\u00e9e en vigueur, vendredi \u00e0 18h00 (GMT+1), de l\u2019\u00e9tat d\u2019urgence sanitaire, d\u00e9cr\u00e9t\u00e9 sur l\u2019ensemble du territoire du Royaume pour enrayer la propagation de la pand\u00e9mie du nouveau coronavirus (Covid-19), les autorit\u00e9s locales dans les diff\u00e9rentes provinces de la r\u00e9gion de Marrakech-Safi ont entam\u00e9 les op\u00e9rations d\u2019encadrement et de contr\u00f4le de la circulation, conform\u00e9ment aux consignes et mesures exig\u00e9es par le minist\u00e8re de l\u2019Int\u00e9rieur.<\/p>\n<\/div>\n<div class=\"entry-content clearfix single-post-content\" readability=\"55\">\n<p>A Chichaoua, le gouverneur de la province de Chichaoua, Bouabid El Guerrab, a men\u00e9, en compagnie de responsables s\u00e9curitaires et militaires, une tourn\u00e9e dans plusieurs centres urbains et ruraux pour s\u2019enqu\u00e9rir du respect rigoureux des consignes par les citoyens, et du d\u00e9ploiement sur le terrain des \u00e9l\u00e9ments notamment, de la s\u00fbret\u00e9 nationale, de la Gendarmerie Royale et des forces auxiliaires qui superviseront cette op\u00e9ration.<\/p>\n<p>Dans le m\u00eame sillage, les autorit\u00e9s locales au niveau de la r\u00e9gion de Marrakech-Safi ont \u00e9t\u00e9 mobilis\u00e9es pour distribuer et remplir l\u2019attestation exceptionnelle de circulation en tant que document officiel que tous les citoyens sont appel\u00e9s \u00e0 pr\u00e9senter aux agents charg\u00e9s du contr\u00f4le, qui seront d\u00e9ploy\u00e9s dans les diff\u00e9rentes rues et avenues.<br \/>L\u2019\u00e9tat d\u2019urgence sanitaire est entr\u00e9 en vigueur, vendredi \u00e0 18H00, et se poursuivra jusqu\u2019\u00e0 nouvel ordre, \u00ab\u00a0comme seul moyen in\u00e9vitable pour garder le coronavirus sous contr\u00f4le\u00a0\u00bb, avait affirm\u00e9 le minist\u00e8re de l\u2019Int\u00e9rieur, rappelle-t-on.<\/p>\n<\/div>\n<p>Auteur: Meriem IGASS<br \/>\n<a href=\"http:\/\/www.mapmarrakech.ma\/fr\/etat-durgence-sanitaire-les-autorites-locales-se-mobilisent\/\">Cliquez ici pour lire l&rsquo;article depuis sa source.<\/a><\/p>\n","protected":false},"excerpt":{"rendered":"<p>Marrakech \u2013 D\u00e8s l\u2019entr\u00e9e en vigueur, vendredi \u00e0 18h00 (GMT+1), de l\u2019\u00e9tat d\u2019urgence sanitaire, d\u00e9cr\u00e9t\u00e9 sur l\u2019ensemble du territoire du Royaume pour enrayer la propagation de la pand\u00e9mie du nouveau coronavirus (Covid-19), les autorit\u00e9s locales dans les diff\u00e9rentes provinces de la r\u00e9gion de Marrakech-Safi ont entam\u00e9 les op\u00e9rations d\u2019encadrement et de contr\u00f4le de la circulation, [&hellip;]<\/p>\n","protected":false},"author":1788,"featured_media":79680,"comment_status":"closed","ping_status":"closed","sticky":false,"template":"","format":"standard","meta":{"fifu_image_url":"","fifu_image_alt":"","footnotes":""},"categories":[54,76],"tags":[],"class_list":["post-79679","post","type-post","status-publish","format-standard","has-post-thumbnail","hentry","category-maroc","category-regions"],"_links":{"self":[{"href":"https:\/\/linitiative.ca\/International\/wp-json\/wp\/v2\/posts\/79679","targetHints":{"allow":["GET"]}}],"collection":[{"href":"https:\/\/linitiative.ca\/International\/wp-json\/wp\/v2\/posts"}],"about":[{"href":"https:\/\/linitiative.ca\/International\/wp-json\/wp\/v2\/types\/post"}],"author":[{"embeddable":true,"href":"https:\/\/linitiative.ca\/International\/wp-json\/wp\/v2\/users\/1788"}],"replies":[{"embeddable":true,"href":"https:\/\/linitiative.ca\/International\/wp-json\/wp\/v2\/comments?post=79679"}],"version-history":[{"count":0,"href":"https:\/\/linitiative.ca\/International\/wp-json\/wp\/v2\/posts\/79679\/revisions"}],"wp:featuredmedia":[{"embeddable":true,"href":"https:\/\/linitiative.ca\/International\/wp-json\/"}],"wp:attachment":[{"href":"https:\/\/linitiative.ca\/International\/wp-json\/wp\/v2\/media?parent=79679"}],"wp:term":[{"taxonomy":"category","embeddable":true,"href":"https:\/\/linitiative.ca\/International\/wp-json\/wp\/v2\/categories?post=79679"},{"taxonomy":"post_tag","embeddable":true,"href":"https:\/\/linitiative.ca\/International\/wp-json\/wp\/v2\/tags?post=79679"}],"curies":[{"name":"wp","href":"https:\/\/api.w.org\/{rel}","templated":true}]}}